{"id":992,"date":"2014-12-04T11:56:13","date_gmt":"2014-12-04T11:56:13","guid":{"rendered":"http:\/\/pedaleandalucia.com\/?p=992"},"modified":"2014-12-04T11:56:13","modified_gmt":"2014-12-04T11:56:13","slug":"estrenamos-tienda","status":"publish","type":"post","link":"https:\/\/pedaleandalucia.com\/gb\/estrenamos-tienda\/","title":{"rendered":"!!!Estrenamos Tienda\u00a1\u00a1\u00a1"},"content":{"rendered":"<p>Como ya adelantamos\u00a0a finales de verano, Pedalea Andaluc\u00eda tiene noticias frescas!! \u00a0El proceso ha sido lento, pero quer\u00edamos\u00a0tenerlo todo\u00a0preparado\u00a0para la inauguraci\u00f3n, por eso durante todo este tiempo hemos estado trabajando a tope para que en este mes de diciembre\u00a0tengamos todo a punto para abrir\u00a0nuestra primera tienda f\u00edsica. Est\u00e1 ubicada en el pueblo de Cazorla, lugar donde se origin\u00f3 el proyecto inicial de Pedalea Andaluc\u00eda, nos encontrar\u00e1s en C\/ Hilario Marco, 13 bajo. La tienda se establece como base del proyecto inicial de traves\u00edas en BTT \u00a0adem\u00e1s de ofrecerte\u00a0una amplia gama de productos ciclistas\u00a0\u00a0y de\u00a0un taller especializado. \u00a1Te esperamos\u00a1\u00a1<\/p>\n","protected":false},"excerpt":{"rendered":"<p>Como ya adelantamos\u00a0a finales de verano, Pedalea Andaluc\u00eda tiene noticias frescas!! \u00a0El proceso ha sido lento, pero quer\u00edamos\u00a0tenerlo todo\u00a0preparado\u00a0para la inauguraci\u00f3n, por eso durante todo este tiempo hemos estado trabajando a tope para que en este mes de diciembre\u00a0tengamos todo a punto para abrir\u00a0nuestra primera tienda f\u00edsica. Est\u00e1 ubicada en el pueblo de Cazorla, lugar [&hellip;]<\/p>\n","protected":false},"author":2,"featured_media":1053,"comment_status":"open","ping_status":"open","sticky":false,"template":"","format":"standard","meta":{"_coblocks_attr":"","_coblocks_dimensions":"","_coblocks_responsive_height":"","_coblocks_accordion_ie_support":"","_uag_custom_page_level_css":"","jetpack_post_was_ever_published":false,"_jetpack_newsletter_access":"","_jetpack_newsletter_tier_id":0,"footnotes":"","jetpack_publicize_message":"","jetpack_is_tweetstorm":false,"jetpack_publicize_feature_enabled":true,"jetpack_social_post_already_shared":true,"jetpack_social_options":{"image_generator_settings":{"template":"highway","enabled":false}}},"categories":[39,43],"tags":[28,29],"translation":{"provider":"WPGlobus","version":"3.0.0","language":"gb","enabled_languages":["es","gb"],"languages":{"es":{"title":true,"content":true,"excerpt":false},"gb":{"title":false,"content":false,"excerpt":false}}},"jetpack_publicize_connections":[],"featured_image_urls":{"full":["https:\/\/i0.wp.com\/pedaleandalucia.com\/wp-content\/uploads\/2014\/12\/IMG_20141204_1218221.jpg?fit=2998%2C2198&ssl=1",2998,2198,false],"thumbnail":["https:\/\/i0.wp.com\/pedaleandalucia.com\/wp-content\/uploads\/2014\/12\/IMG_20141204_1218221.jpg?resize=150%2C150&ssl=1",150,150,true],"medium":["https:\/\/i0.wp.com\/pedaleandalucia.com\/wp-content\/uploads\/2014\/12\/IMG_20141204_1218221.jpg?fit=300%2C219&ssl=1",300,219,true],"medium_large":["https:\/\/i0.wp.com\/pedaleandalucia.com\/wp-content\/uploads\/2014\/12\/IMG_20141204_1218221.jpg?fit=580%2C425&ssl=1",580,425,true],"large":["https:\/\/i0.wp.com\/pedaleandalucia.com\/wp-content\/uploads\/2014\/12\/IMG_20141204_1218221.jpg?fit=580%2C425&ssl=1",580,425,true],"1536x1536":["https:\/\/i0.wp.com\/pedaleandalucia.com\/wp-content\/uploads\/2014\/12\/IMG_20141204_1218221.jpg?fit=1536%2C1126&ssl=1",1536,1126,true],"2048x2048":["https:\/\/i0.wp.com\/pedaleandalucia.com\/wp-content\/uploads\/2014\/12\/IMG_20141204_1218221.jpg?fit=2048%2C1502&ssl=1",2048,1502,true],"post-thumbnail":["https:\/\/i0.wp.com\/pedaleandalucia.com\/wp-content\/uploads\/2014\/12\/IMG_20141204_1218221.jpg?fit=130%2C130&ssl=1",130,130,true],"twentytwenty-fullscreen":["https:\/\/i0.wp.com\/pedaleandalucia.com\/wp-content\/uploads\/2014\/12\/IMG_20141204_1218221.jpg?fit=1980%2C1452&ssl=1",1980,1452,true],"pedalea-landscape":["https:\/\/i0.wp.com\/pedaleandalucia.com\/wp-content\/uploads\/2014\/12\/IMG_20141204_1218221.jpg?resize=500%2C250&ssl=1",500,250,true]},"post_excerpt_stackable":"<p>Como ya adelantamos\u00a0a finales de verano, Pedalea Andaluc\u00eda tiene noticias frescas!! \u00a0El proceso ha sido lento, pero quer\u00edamos\u00a0tenerlo todo\u00a0preparado\u00a0para la inauguraci\u00f3n, por eso durante todo este tiempo hemos estado trabajando a tope para que en este mes de diciembre\u00a0tengamos todo a punto para abrir\u00a0nuestra primera tienda f\u00edsica. Est\u00e1 ubicada en el pueblo de Cazorla, lugar donde se origin\u00f3 el proyecto inicial de Pedalea Andaluc\u00eda, nos encontrar\u00e1s en C\/ Hilario Marco, 13 bajo. La tienda se establece como base del proyecto inicial de traves\u00edas en BTT \u00a0adem\u00e1s de ofrecerte\u00a0una amplia gama de productos ciclistas\u00a0\u00a0y de\u00a0un taller especializado. \u00a1Te esperamos\u00a1\u00a1<\/p>\n","category_list":"<a href=\"https:\/\/pedaleandalucia.com\/gb\/category\/cazorla\/\" rel=\"category tag\">Cazorla<\/a>, <a href=\"https:\/\/pedaleandalucia.com\/gb\/category\/noticias-tienda\/\" rel=\"category tag\">noticias tienda<\/a>","author_info":{"name":"asanchba","url":"https:\/\/pedaleandalucia.com\/gb\/author\/asanchba\/"},"comments_num":"0 comments","featured_image_urls_v2":{"full":["https:\/\/i0.wp.com\/pedaleandalucia.com\/wp-content\/uploads\/2014\/12\/IMG_20141204_1218221.jpg?fit=2998%2C2198&ssl=1",2998,2198,false],"thumbnail":["https:\/\/i0.wp.com\/pedaleandalucia.com\/wp-content\/uploads\/2014\/12\/IMG_20141204_1218221.jpg?resize=150%2C150&ssl=1",150,150,true],"medium":["https:\/\/i0.wp.com\/pedaleandalucia.com\/wp-content\/uploads\/2014\/12\/IMG_20141204_1218221.jpg?fit=300%2C219&ssl=1",300,219,true],"medium_large":["https:\/\/i0.wp.com\/pedaleandalucia.com\/wp-content\/uploads\/2014\/12\/IMG_20141204_1218221.jpg?fit=580%2C425&ssl=1",580,425,true],"large":["https:\/\/i0.wp.com\/pedaleandalucia.com\/wp-content\/uploads\/2014\/12\/IMG_20141204_1218221.jpg?fit=580%2C425&ssl=1",580,425,true],"1536x1536":["https:\/\/i0.wp.com\/pedaleandalucia.com\/wp-content\/uploads\/2014\/12\/IMG_20141204_1218221.jpg?fit=1536%2C1126&ssl=1",1536,1126,true],"2048x2048":["https:\/\/i0.wp.com\/pedaleandalucia.com\/wp-content\/uploads\/2014\/12\/IMG_20141204_1218221.jpg?fit=2048%2C1502&ssl=1",2048,1502,true],"post-thumbnail":["https:\/\/i0.wp.com\/pedaleandalucia.com\/wp-content\/uploads\/2014\/12\/IMG_20141204_1218221.jpg?fit=130%2C130&ssl=1",130,130,true],"twentytwenty-fullscreen":["https:\/\/i0.wp.com\/pedaleandalucia.com\/wp-content\/uploads\/2014\/12\/IMG_20141204_1218221.jpg?fit=1980%2C1452&ssl=1",1980,1452,true],"pedalea-landscape":["https:\/\/i0.wp.com\/pedaleandalucia.com\/wp-content\/uploads\/2014\/12\/IMG_20141204_1218221.jpg?resize=500%2C250&ssl=1",500,250,true]},"post_excerpt_stackable_v2":"<p>Como ya adelantamos\u00a0a finales de verano, Pedalea Andaluc\u00eda tiene noticias frescas!! \u00a0El proceso ha sido lento, pero quer\u00edamos\u00a0tenerlo todo\u00a0preparado\u00a0para la inauguraci\u00f3n, por eso durante todo este tiempo hemos estado trabajando a tope para que en este mes de diciembre\u00a0tengamos todo a punto para abrir\u00a0nuestra primera tienda f\u00edsica. Est\u00e1 ubicada en el pueblo de Cazorla, lugar donde se origin\u00f3 el proyecto inicial de Pedalea Andaluc\u00eda, nos encontrar\u00e1s en C\/ Hilario Marco, 13 bajo. La tienda se establece como base del proyecto inicial de traves\u00edas en BTT \u00a0adem\u00e1s de ofrecerte\u00a0una amplia gama de productos ciclistas\u00a0\u00a0y de\u00a0un taller especializado. \u00a1Te esperamos\u00a1\u00a1<\/p>\n","category_list_v2":"<a href=\"https:\/\/pedaleandalucia.com\/gb\/category\/cazorla\/\" rel=\"category tag\">Cazorla<\/a>, <a href=\"https:\/\/pedaleandalucia.com\/gb\/category\/noticias-tienda\/\" rel=\"category tag\">noticias tienda<\/a>","author_info_v2":{"name":"asanchba","url":"https:\/\/pedaleandalucia.com\/gb\/author\/asanchba\/"},"comments_num_v2":"0 comments","jetpack_featured_media_url":"https:\/\/i0.wp.com\/pedaleandalucia.com\/wp-content\/uploads\/2014\/12\/IMG_20141204_1218221.jpg?fit=2998%2C2198&ssl=1","uagb_featured_image_src":{"full":["https:\/\/i0.wp.com\/pedaleandalucia.com\/wp-content\/uploads\/2014\/12\/IMG_20141204_1218221.jpg?fit=2998%2C2198&ssl=1",2998,2198,false],"thumbnail":["https:\/\/i0.wp.com\/pedaleandalucia.com\/wp-content\/uploads\/2014\/12\/IMG_20141204_1218221.jpg?resize=150%2C150&ssl=1",150,150,true],"medium":["https:\/\/i0.wp.com\/pedaleandalucia.com\/wp-content\/uploads\/2014\/12\/IMG_20141204_1218221.jpg?fit=300%2C219&ssl=1",300,219,true],"medium_large":["https:\/\/i0.wp.com\/pedaleandalucia.com\/wp-content\/uploads\/2014\/12\/IMG_20141204_1218221.jpg?fit=580%2C425&ssl=1",580,425,true],"large":["https:\/\/i0.wp.com\/pedaleandalucia.com\/wp-content\/uploads\/2014\/12\/IMG_20141204_1218221.jpg?fit=580%2C425&ssl=1",580,425,true],"1536x1536":["https:\/\/i0.wp.com\/pedaleandalucia.com\/wp-content\/uploads\/2014\/12\/IMG_20141204_1218221.jpg?fit=1536%2C1126&ssl=1",1536,1126,true],"2048x2048":["https:\/\/i0.wp.com\/pedaleandalucia.com\/wp-content\/uploads\/2014\/12\/IMG_20141204_1218221.jpg?fit=2048%2C1502&ssl=1",2048,1502,true],"post-thumbnail":["https:\/\/i0.wp.com\/pedaleandalucia.com\/wp-content\/uploads\/2014\/12\/IMG_20141204_1218221.jpg?fit=130%2C130&ssl=1",130,130,true],"twentytwenty-fullscreen":["https:\/\/i0.wp.com\/pedaleandalucia.com\/wp-content\/uploads\/2014\/12\/IMG_20141204_1218221.jpg?fit=1980%2C1452&ssl=1",1980,1452,true],"pedalea-landscape":["https:\/\/i0.wp.com\/pedaleandalucia.com\/wp-content\/uploads\/2014\/12\/IMG_20141204_1218221.jpg?resize=500%2C250&ssl=1",500,250,true]},"uagb_author_info":{"display_name":"asanchba","author_link":"https:\/\/pedaleandalucia.com\/gb\/author\/asanchba\/"},"uagb_comment_info":0,"uagb_excerpt":"Como ya adelantamos\u00a0a finales de verano, Pedalea Andaluc\u00eda tiene noticias frescas!! \u00a0El proceso ha sido lento, pero quer\u00edamos\u00a0tenerlo todo\u00a0preparado\u00a0para la inauguraci\u00f3n, por eso durante todo este tiempo hemos estado trabajando a tope para que en este mes de diciembre\u00a0tengamos todo a punto para abrir\u00a0nuestra primera tienda f\u00edsica. Est\u00e1 ubicada en el pueblo de Cazorla, lugar&hellip;","jetpack_sharing_enabled":true,"jetpack_shortlink":"https:\/\/wp.me\/p2Lg6v-g0","jetpack-related-posts":[{"id":444,"url":"https:\/\/pedaleandalucia.com\/gb\/nos-vemos-en-la-iii-maraton-btt-de-la-sierra-de-cazorla\/","url_meta":{"origin":992,"position":0},"title":"Nos vemos en la III Marat\u00f3n BTT de la Sierra de Cazorla","author":"asanchba","date":"October 8, 2012","format":false,"excerpt":"Ya estamos inscritos, el pr\u00f3ximo 21 de octubre iremos a correr la III Marat\u00f3n de la Sierra de Cazorla, ah\u00ed estaremos,\u00a0como no!! El lugar donde empez\u00f3 el proyecto de Pedalea Andaluc\u00eda...Aunque la filosof\u00eda de nuestras traves\u00edas difiere bastante de la de una carrera, ambas comparten el gusto y respeto\u00a0por la\u2026","rel":"","context":"In \"btt en cazorla\"","block_context":{"text":"btt en cazorla","link":"https:\/\/pedaleandalucia.com\/gb\/tag\/btt-en-cazorla\/"},"img":{"alt_text":"Pedalea Andaluc\u00eda. Traves\u00eda BTT. Sierra de Cazorla, Segura y las Villas. Rutas BTT. Transcazorla","src":"https:\/\/i0.wp.com\/pedaleandalucia.com\/wp-content\/uploads\/2012\/06\/DSCN26861.jpg?fit=1024%2C768&ssl=1&resize=350%2C200","width":350,"height":200,"srcset":"https:\/\/i0.wp.com\/pedaleandalucia.com\/wp-content\/uploads\/2012\/06\/DSCN26861.jpg?fit=1024%2C768&ssl=1&resize=350%2C200 1x, https:\/\/i0.wp.com\/pedaleandalucia.com\/wp-content\/uploads\/2012\/06\/DSCN26861.jpg?fit=1024%2C768&ssl=1&resize=525%2C300 1.5x, https:\/\/i0.wp.com\/pedaleandalucia.com\/wp-content\/uploads\/2012\/06\/DSCN26861.jpg?fit=1024%2C768&ssl=1&resize=700%2C400 2x"},"classes":[]},{"id":1232,"url":"https:\/\/pedaleandalucia.com\/gb\/la-transcazorla-cu4tro-dias-de-autentico-mtb\/","url_meta":{"origin":992,"position":1},"title":"La TransCazorla. Cu4tro d\u00edas de aut\u00e9ntico MTB","author":"asanchba","date":"February 24, 2015","format":false,"excerpt":"Naturaleza en estado puro, pistas interminables que te adentran en lo m\u00e1s profundo del bosque, parajes de inolvidable belleza que har\u00e1n que pares cada poco tiempo para sacar a relucir tu buen gusto por la fotograf\u00eda ;). Todo esto te ofrece Pedalea Andaluc\u00eda con la TRANSCAZORLA, no dejes de consultarnos\u2026","rel":"","context":"In &quot;Cazorla&quot;","block_context":{"text":"Cazorla","link":"https:\/\/pedaleandalucia.com\/gb\/category\/cazorla\/"},"img":{"alt_text":"","src":"https:\/\/i0.wp.com\/pedaleandalucia.com\/wp-content\/uploads\/2015\/02\/transcazorla.jpg?fit=1200%2C900&ssl=1&resize=350%2C200","width":350,"height":200,"srcset":"https:\/\/i0.wp.com\/pedaleandalucia.com\/wp-content\/uploads\/2015\/02\/transcazorla.jpg?fit=1200%2C900&ssl=1&resize=350%2C200 1x, https:\/\/i0.wp.com\/pedaleandalucia.com\/wp-content\/uploads\/2015\/02\/transcazorla.jpg?fit=1200%2C900&ssl=1&resize=525%2C300 1.5x, https:\/\/i0.wp.com\/pedaleandalucia.com\/wp-content\/uploads\/2015\/02\/transcazorla.jpg?fit=1200%2C900&ssl=1&resize=700%2C400 2x, https:\/\/i0.wp.com\/pedaleandalucia.com\/wp-content\/uploads\/2015\/02\/transcazorla.jpg?fit=1200%2C900&ssl=1&resize=1050%2C600 3x"},"classes":[]},{"id":1300,"url":"https:\/\/pedaleandalucia.com\/gb\/rutas-guiadas-en-mtb-por-cazorla\/","url_meta":{"origin":992,"position":2},"title":"Rutas Guiadas en MTB por Cazorla","author":"asanchba","date":"August 25, 2015","format":false,"excerpt":"\u00bfQuieres conocer los rincones m\u00e1s especiales de la sierra, ir acompa\u00f1ado de un gu\u00eda especializado, salirte de las t\u00edpicas rutas, buscas algo diferente? En Pedalea Andaluc\u00eda nos adaptamos a tu nivel f\u00edsico y t\u00e9cnico para ofrecerte las mejores rutas. No dejes de contactar con nosotros para m\u00e1s informaci\u00f3n.","rel":"","context":"In &quot;Cazorla&quot;","block_context":{"text":"Cazorla","link":"https:\/\/pedaleandalucia.com\/gb\/category\/cazorla\/"},"img":{"alt_text":"","src":"https:\/\/i0.wp.com\/pedaleandalucia.com\/wp-content\/uploads\/2015\/08\/RUTAS-GUIADAS.jpg?fit=486%2C637&ssl=1&resize=350%2C200","width":350,"height":200},"classes":[]},{"id":881,"url":"https:\/\/pedaleandalucia.com\/gb\/video-de-tramo-de-senderos-en-la-transcazorla\/","url_meta":{"origin":992,"position":3},"title":"V\u00eddeo de tramo de senderos en la TransCazorla","author":"asanchba","date":"April 21, 2014","format":false,"excerpt":"Despu\u00e9s de unos d\u00edas de relax, reemprendemos la actividad con un v\u00eddeo de uno de los tramos de senderos m\u00e1s a\u00e9reos y t\u00e9cnicos del recorrido, Animaos a disfrutarlo!! http:\/\/youtu.be\/7QTt9nma21g","rel":"","context":"In &quot;Cazorla&quot;","block_context":{"text":"Cazorla","link":"https:\/\/pedaleandalucia.com\/gb\/category\/cazorla\/"},"img":{"alt_text":"Pedalea Andaluc\u00eda. Traves\u00eda BTT. Sierra de Cazorla, Segura y las Villas. Rutas BTT. Transcazorla","src":"https:\/\/i0.wp.com\/pedaleandalucia.com\/wp-content\/uploads\/2012\/06\/DSCN2085-copia1.jpg?fit=1000%2C750&ssl=1&resize=350%2C200","width":350,"height":200,"srcset":"https:\/\/i0.wp.com\/pedaleandalucia.com\/wp-content\/uploads\/2012\/06\/DSCN2085-copia1.jpg?fit=1000%2C750&ssl=1&resize=350%2C200 1x, https:\/\/i0.wp.com\/pedaleandalucia.com\/wp-content\/uploads\/2012\/06\/DSCN2085-copia1.jpg?fit=1000%2C750&ssl=1&resize=525%2C300 1.5x, https:\/\/i0.wp.com\/pedaleandalucia.com\/wp-content\/uploads\/2012\/06\/DSCN2085-copia1.jpg?fit=1000%2C750&ssl=1&resize=700%2C400 2x"},"classes":[]},{"id":1352,"url":"https:\/\/pedaleandalucia.com\/gb\/noticias-frescas-breaking-news\/","url_meta":{"origin":992,"position":4},"title":"NOTICIAS FRESCAS, Breaking News!!!","author":"asanchba","date":"January 26, 2016","format":false,"excerpt":"En estos meses de \"invierno\" que m\u00e1s parecen primavera, no nos quedamos quietos, los estamos aprovechando para que en esta nueva temporada pod\u00e1is disfrutar de las mejoras en los recorridos de las traves\u00edas que ya tenemos en marcha y para lanzaros un nuevo reto, los que tienen flaca, tambi\u00e9n van\u2026","rel":"","context":"In &quot;Cabo de Gata&quot;","block_context":{"text":"Cabo de Gata","link":"https:\/\/pedaleandalucia.com\/gb\/category\/cabo-de-gata-2\/"},"img":{"alt_text":"","src":"https:\/\/i0.wp.com\/pedaleandalucia.com\/wp-content\/uploads\/2016\/01\/Pedalea-paperboy.jpg?fit=1200%2C599&ssl=1&resize=350%2C200","width":350,"height":200,"srcset":"https:\/\/i0.wp.com\/pedaleandalucia.com\/wp-content\/uploads\/2016\/01\/Pedalea-paperboy.jpg?fit=1200%2C599&ssl=1&resize=350%2C200 1x, https:\/\/i0.wp.com\/pedaleandalucia.com\/wp-content\/uploads\/2016\/01\/Pedalea-paperboy.jpg?fit=1200%2C599&ssl=1&resize=525%2C300 1.5x, https:\/\/i0.wp.com\/pedaleandalucia.com\/wp-content\/uploads\/2016\/01\/Pedalea-paperboy.jpg?fit=1200%2C599&ssl=1&resize=700%2C400 2x, https:\/\/i0.wp.com\/pedaleandalucia.com\/wp-content\/uploads\/2016\/01\/Pedalea-paperboy.jpg?fit=1200%2C599&ssl=1&resize=1050%2C600 3x"},"classes":[]},{"id":862,"url":"https:\/\/pedaleandalucia.com\/gb\/proyecto-de-colaboracion-entre-pedalea-andalucia-y-cycle-style\/","url_meta":{"origin":992,"position":5},"title":"Proyecto de Colaboraci\u00f3n entre Pedalea Andaluc\u00eda y Cycle Style","author":"asanchba","date":"March 25, 2014","format":false,"excerpt":"Como sucede en todos los \u00e1mbitos de la vida, el futuro est\u00e1 en las generaciones m\u00e1s j\u00f3venes, por eso cuando V\u00edctor de Cycle Style (nuestro colaborador en la TransCazorla) nos habl\u00f3 de su nuevo proyecto, nos pareci\u00f3 una forma genial de contibuir a ello. Pedalea Andaluc\u00eda quiere apoyar a los\u2026","rel":"","context":"In \"equipo de competici\u00f3n\"","block_context":{"text":"equipo de competici\u00f3n","link":"https:\/\/pedaleandalucia.com\/gb\/tag\/equipo-de-competicion\/"},"img":{"alt_text":"","src":"https:\/\/i0.wp.com\/pedaleandalucia.com\/wp-content\/uploads\/2014\/03\/Proyecto-Cycle-PA.jpg?fit=525%2C414&ssl=1&resize=350%2C200","width":350,"height":200,"srcset":"https:\/\/i0.wp.com\/pedaleandalucia.com\/wp-content\/uploads\/2014\/03\/Proyecto-Cycle-PA.jpg?fit=525%2C414&ssl=1&resize=350%2C200 1x, https:\/\/i0.wp.com\/pedaleandalucia.com\/wp-content\/uploads\/2014\/03\/Proyecto-Cycle-PA.jpg?fit=525%2C414&ssl=1&resize=525%2C300 1.5x"},"classes":[]}],"_links":{"self":[{"href":"https:\/\/pedaleandalucia.com\/gb\/wp-json\/wp\/v2\/posts\/992"}],"collection":[{"href":"https:\/\/pedaleandalucia.com\/gb\/wp-json\/wp\/v2\/posts"}],"about":[{"href":"https:\/\/pedaleandalucia.com\/gb\/wp-json\/wp\/v2\/types\/post"}],"author":[{"embeddable":true,"href":"https:\/\/pedaleandalucia.com\/gb\/wp-json\/wp\/v2\/users\/2"}],"replies":[{"embeddable":true,"href":"https:\/\/pedaleandalucia.com\/gb\/wp-json\/wp\/v2\/comments?post=992"}],"version-history":[{"count":9,"href":"https:\/\/pedaleandalucia.com\/gb\/wp-json\/wp\/v2\/posts\/992\/revisions"}],"predecessor-version":[{"id":1054,"href":"https:\/\/pedaleandalucia.com\/gb\/wp-json\/wp\/v2\/posts\/992\/revisions\/1054"}],"wp:featuredmedia":[{"embeddable":true,"href":"https:\/\/pedaleandalucia.com\/gb\/wp-json\/wp\/v2\/media\/1053"}],"wp:attachment":[{"href":"https:\/\/pedaleandalucia.com\/gb\/wp-json\/wp\/v2\/media?parent=992"}],"wp:term":[{"taxonomy":"category","embeddable":true,"href":"https:\/\/pedaleandalucia.com\/gb\/wp-json\/wp\/v2\/categories?post=992"},{"taxonomy":"post_tag","embeddable":true,"href":"https:\/\/pedaleandalucia.com\/gb\/wp-json\/wp\/v2\/tags?post=992"}],"curies":[{"name":"wp","href":"https:\/\/api.w.org\/{rel}","templated":true}]}}