{"id":964,"date":"2014-08-12T08:46:47","date_gmt":"2014-08-12T08:46:47","guid":{"rendered":"http:\/\/pedaleandalucia.com\/?p=964"},"modified":"2014-08-12T08:46:47","modified_gmt":"2014-08-12T08:46:47","slug":"curso-uimp-vias-para-ciclista-realidad-o-ficcion","status":"publish","type":"post","link":"https:\/\/pedaleandalucia.com\/gb\/curso-uimp-vias-para-ciclista-realidad-o-ficcion\/","title":{"rendered":"Curso UIMP V\u00cdAS PARA CICLISTA, \u00bfREALIDAD O FICCI\u00d3N?"},"content":{"rendered":"<p>En relaci\u00f3n con el art\u00edculo compartido ayer, y dentro del PMCC, hoy queremos mostrar\u00a0el curso de verano que se impartir\u00e1\u00a0en la Universidad Internacional Men\u00e9ndez Pelayo, los pr\u00f3ximos 18 y 19 de agosto.<\/p>\n<p>Este curso se plantea como un foro para el intercambio de conocimiento y el debate. No se trata tanto de abordar exhaustivamente la materia, sino de ofrecer una visi\u00f3n diversa de algunas opciones representativas y contrastarlas.<\/p>\n<p>Pod\u00e9is consultar toda la informaci\u00f3n sobre el curso en <a title=\"Curso UIMP\" href=\"http:\/\/www.uimp.es\/agenda-link.html?id_actividad=622Y&amp;anyaca=2014-15\">http:\/\/www.uimp.es\/uxxiconsultas\/ficheros\/5\/23832vias.ciclistas.pdf<\/a><\/p>\n","protected":false},"excerpt":{"rendered":"<p>En relaci\u00f3n con el art\u00edculo compartido ayer, y dentro del PMCC, hoy queremos mostrar\u00a0el curso de verano que se impartir\u00e1\u00a0en la Universidad Internacional Men\u00e9ndez Pelayo, los pr\u00f3ximos 18 y 19 de agosto. Este curso se plantea como un foro para el intercambio de conocimiento y el debate. No se trata tanto de abordar exhaustivamente la [&hellip;]<\/p>\n","protected":false},"author":2,"featured_media":0,"comment_status":"open","ping_status":"open","sticky":false,"template":"","format":"standard","meta":{"_coblocks_attr":"","_coblocks_dimensions":"","_coblocks_responsive_height":"","_coblocks_accordion_ie_support":"","_uag_custom_page_level_css":"","jetpack_post_was_ever_published":false,"_jetpack_newsletter_access":"","_jetpack_newsletter_tier_id":0,"footnotes":"","jetpack_publicize_message":"","jetpack_is_tweetstorm":false,"jetpack_publicize_feature_enabled":true,"jetpack_social_post_already_shared":true,"jetpack_social_options":{"image_generator_settings":{"template":"highway","enabled":false}}},"categories":[1],"tags":[],"translation":{"provider":"WPGlobus","version":"3.0.0","language":"gb","enabled_languages":["es","gb"],"languages":{"es":{"title":true,"content":true,"excerpt":false},"gb":{"title":false,"content":false,"excerpt":false}}},"jetpack_publicize_connections":[],"featured_image_urls":{"full":"","thumbnail":"","medium":"","medium_large":"","large":"","1536x1536":"","2048x2048":"","post-thumbnail":"","twentytwenty-fullscreen":"","pedalea-landscape":""},"post_excerpt_stackable":"<p>En relaci\u00f3n con el art\u00edculo compartido ayer, y dentro del PMCC, hoy queremos mostrar\u00a0el curso de verano que se impartir\u00e1\u00a0en la Universidad Internacional Men\u00e9ndez Pelayo, los pr\u00f3ximos 18 y 19 de agosto. Este curso se plantea como un foro para el intercambio de conocimiento y el debate. No se trata tanto de abordar exhaustivamente la materia, sino de ofrecer una visi\u00f3n diversa de algunas opciones representativas y contrastarlas. Pod\u00e9is consultar toda la informaci\u00f3n sobre el curso en http:\/\/www.uimp.es\/uxxiconsultas\/ficheros\/5\/23832vias.ciclistas.pdf<\/p>\n","category_list":"<a href=\"https:\/\/pedaleandalucia.com\/gb\/category\/uncategorized\/\" rel=\"category tag\">Uncategorized<\/a>","author_info":{"name":"asanchba","url":"https:\/\/pedaleandalucia.com\/gb\/author\/asanchba\/"},"comments_num":"0 comments","featured_image_urls_v2":{"full":"","thumbnail":"","medium":"","medium_large":"","large":"","1536x1536":"","2048x2048":"","post-thumbnail":"","twentytwenty-fullscreen":"","pedalea-landscape":""},"post_excerpt_stackable_v2":"<p>En relaci\u00f3n con el art\u00edculo compartido ayer, y dentro del PMCC, hoy queremos mostrar\u00a0el curso de verano que se impartir\u00e1\u00a0en la Universidad Internacional Men\u00e9ndez Pelayo, los pr\u00f3ximos 18 y 19 de agosto. Este curso se plantea como un foro para el intercambio de conocimiento y el debate. No se trata tanto de abordar exhaustivamente la materia, sino de ofrecer una visi\u00f3n diversa de algunas opciones representativas y contrastarlas. Pod\u00e9is consultar toda la informaci\u00f3n sobre el curso en http:\/\/www.uimp.es\/uxxiconsultas\/ficheros\/5\/23832vias.ciclistas.pdf<\/p>\n","category_list_v2":"<a href=\"https:\/\/pedaleandalucia.com\/gb\/category\/uncategorized\/\" rel=\"category tag\">Uncategorized<\/a>","author_info_v2":{"name":"asanchba","url":"https:\/\/pedaleandalucia.com\/gb\/author\/asanchba\/"},"comments_num_v2":"0 comments","jetpack_featured_media_url":"","uagb_featured_image_src":{"full":false,"thumbnail":false,"medium":false,"medium_large":false,"large":false,"1536x1536":false,"2048x2048":false,"post-thumbnail":false,"twentytwenty-fullscreen":false,"pedalea-landscape":false},"uagb_author_info":{"display_name":"asanchba","author_link":"https:\/\/pedaleandalucia.com\/gb\/author\/asanchba\/"},"uagb_comment_info":0,"uagb_excerpt":"En relaci\u00f3n con el art\u00edculo compartido ayer, y dentro del PMCC, hoy queremos mostrar\u00a0el curso de verano que se impartir\u00e1\u00a0en la Universidad Internacional Men\u00e9ndez Pelayo, los pr\u00f3ximos 18 y 19 de agosto. Este curso se plantea como un foro para el intercambio de conocimiento y el debate. No se trata tanto de abordar exhaustivamente la&hellip;","jetpack_sharing_enabled":true,"jetpack_shortlink":"https:\/\/wp.me\/p2Lg6v-fy","jetpack-related-posts":[],"_links":{"self":[{"href":"https:\/\/pedaleandalucia.com\/gb\/wp-json\/wp\/v2\/posts\/964"}],"collection":[{"href":"https:\/\/pedaleandalucia.com\/gb\/wp-json\/wp\/v2\/posts"}],"about":[{"href":"https:\/\/pedaleandalucia.com\/gb\/wp-json\/wp\/v2\/types\/post"}],"author":[{"embeddable":true,"href":"https:\/\/pedaleandalucia.com\/gb\/wp-json\/wp\/v2\/users\/2"}],"replies":[{"embeddable":true,"href":"https:\/\/pedaleandalucia.com\/gb\/wp-json\/wp\/v2\/comments?post=964"}],"version-history":[{"count":7,"href":"https:\/\/pedaleandalucia.com\/gb\/wp-json\/wp\/v2\/posts\/964\/revisions"}],"predecessor-version":[{"id":972,"href":"https:\/\/pedaleandalucia.com\/gb\/wp-json\/wp\/v2\/posts\/964\/revisions\/972"}],"wp:attachment":[{"href":"https:\/\/pedaleandalucia.com\/gb\/wp-json\/wp\/v2\/media?parent=964"}],"wp:term":[{"taxonomy":"category","embeddable":true,"href":"https:\/\/pedaleandalucia.com\/gb\/wp-json\/wp\/v2\/categories?post=964"},{"taxonomy":"post_tag","embeddable":true,"href":"https:\/\/pedaleandalucia.com\/gb\/wp-json\/wp\/v2\/tags?post=964"}],"curies":[{"name":"wp","href":"https:\/\/api.w.org\/{rel}","templated":true}]}}