{"id":925,"date":"2014-07-28T17:39:26","date_gmt":"2014-07-28T17:39:26","guid":{"rendered":"http:\/\/pedaleandalucia.com\/?p=925"},"modified":"2014-07-28T17:42:19","modified_gmt":"2014-07-28T17:42:19","slug":"remodelacion-del-recorrido-de-la-travesia-cabo-de-gata-en-btt","status":"publish","type":"post","link":"https:\/\/pedaleandalucia.com\/gb\/remodelacion-del-recorrido-de-la-travesia-cabo-de-gata-en-btt\/","title":{"rendered":"Remodelaci\u00f3n del recorrido de la Traves\u00eda Cabo de Gata en BTT"},"content":{"rendered":"<p>Durante esta primavera estuvimos revisando el recorrido de la traves\u00eda y llegamos a la conclusi\u00f3n de que con el trazado actual quedaban fuera del recorrido zonas interesantes por conocer del parque natural. Este es el motivo por el que hemos redise\u00f1ado la ruta para ofrecer una visi\u00f3n m\u00e1s amplia y recorrer casi de punta a punta el P.N. del Cabo de Gata.<\/p>\n<p>&nbsp;<\/p>\n<p>La nueva disposici\u00f3n de las etapas quedan de la siguiente forma:<\/p>\n<p>&nbsp;<\/p>\n<p>&#8211;\u00a0\u00a0\u00a0\u00a0\u00a0\u00a0\u00a0 Etapa 1: Almer\u00eda \u2013 San Jos\u00e9<\/p>\n<p>&nbsp;<\/p>\n<p>&#8211;\u00a0\u00a0\u00a0\u00a0\u00a0\u00a0\u00a0 Etapa 2: San Jos\u00e9-La Isleta del Moro-Las Negras<\/p>\n<p>&nbsp;<\/p>\n<p>&#8211;\u00a0\u00a0\u00a0\u00a0\u00a0\u00a0\u00a0 Etapa 3: Las Negras-Agua Amarga-La Mesa de Rold\u00e1n<\/p>\n<p>&nbsp;<\/p>\n<p>La traves\u00eda del Cabo de Gata al tratarse de un recorrido lineal, la vuelta a Almer\u00eda se realizar\u00e1 mediante una furgoneta que transportar\u00e1 tanto a los participantes como a sus bicicletas.<\/p>\n<p>Este nuevo dise\u00f1o mantiene la flexibilidad a la hora de incorporar actividades acu\u00e1ticas, cons\u00faltanos cual es la mejor combinaci\u00f3n!! No dud\u00e9is en conocer la nueva traves\u00eda, no os defraudar\u00e1!!<\/p>\n","protected":false},"excerpt":{"rendered":"<p>Durante esta primavera estuvimos revisando el recorrido de la traves\u00eda y llegamos a la conclusi\u00f3n de que con el trazado actual quedaban fuera del recorrido zonas interesantes por conocer del parque natural. Este es el motivo por el que hemos redise\u00f1ado la ruta para ofrecer una visi\u00f3n m\u00e1s amplia y recorrer casi de punta a [&hellip;]<\/p>\n","protected":false},"author":2,"featured_media":926,"comment_status":"open","ping_status":"open","sticky":false,"template":"","format":"standard","meta":{"_coblocks_attr":"","_coblocks_dimensions":"","_coblocks_responsive_height":"","_coblocks_accordion_ie_support":"","_uag_custom_page_level_css":"","jetpack_post_was_ever_published":false,"_jetpack_newsletter_access":"","_jetpack_newsletter_tier_id":0,"footnotes":"","jetpack_publicize_message":"","jetpack_is_tweetstorm":false,"jetpack_publicize_feature_enabled":true,"jetpack_social_post_already_shared":true,"jetpack_social_options":{"image_generator_settings":{"template":"highway","enabled":false}}},"categories":[33,19,31,32],"tags":[23,38,37],"translation":{"provider":"WPGlobus","version":"3.0.0","language":"gb","enabled_languages":["es","gb"],"languages":{"es":{"title":true,"content":true,"excerpt":false},"gb":{"title":false,"content":false,"excerpt":false}}},"jetpack_publicize_connections":[],"featured_image_urls":{"full":["https:\/\/i0.wp.com\/pedaleandalucia.com\/wp-content\/uploads\/2014\/07\/cala-plomo.jpg?fit=1010%2C750&ssl=1",1010,750,false],"thumbnail":["https:\/\/i0.wp.com\/pedaleandalucia.com\/wp-content\/uploads\/2014\/07\/cala-plomo.jpg?resize=150%2C150&ssl=1",150,150,true],"medium":["https:\/\/i0.wp.com\/pedaleandalucia.com\/wp-content\/uploads\/2014\/07\/cala-plomo.jpg?fit=300%2C222&ssl=1",300,222,true],"medium_large":["https:\/\/i0.wp.com\/pedaleandalucia.com\/wp-content\/uploads\/2014\/07\/cala-plomo.jpg?fit=580%2C431&ssl=1",580,431,true],"large":["https:\/\/i0.wp.com\/pedaleandalucia.com\/wp-content\/uploads\/2014\/07\/cala-plomo.jpg?fit=580%2C431&ssl=1",580,431,true],"1536x1536":["https:\/\/i0.wp.com\/pedaleandalucia.com\/wp-content\/uploads\/2014\/07\/cala-plomo.jpg?fit=1010%2C750&ssl=1",1010,750,true],"2048x2048":["https:\/\/i0.wp.com\/pedaleandalucia.com\/wp-content\/uploads\/2014\/07\/cala-plomo.jpg?fit=1010%2C750&ssl=1",1010,750,true],"post-thumbnail":["https:\/\/i0.wp.com\/pedaleandalucia.com\/wp-content\/uploads\/2014\/07\/cala-plomo.jpg?fit=130%2C130&ssl=1",130,130,true],"twentytwenty-fullscreen":["https:\/\/i0.wp.com\/pedaleandalucia.com\/wp-content\/uploads\/2014\/07\/cala-plomo.jpg?fit=1010%2C750&ssl=1",1010,750,true],"pedalea-landscape":["https:\/\/i0.wp.com\/pedaleandalucia.com\/wp-content\/uploads\/2014\/07\/cala-plomo.jpg?resize=500%2C250&ssl=1",500,250,true]},"post_excerpt_stackable":"<p>Durante esta primavera estuvimos revisando el recorrido de la traves\u00eda y llegamos a la conclusi\u00f3n de que con el trazado actual quedaban fuera del recorrido zonas interesantes por conocer del parque natural. Este es el motivo por el que hemos redise\u00f1ado la ruta para ofrecer una visi\u00f3n m\u00e1s amplia y recorrer casi de punta a punta el P.N. del Cabo de Gata. &nbsp; La nueva disposici\u00f3n de las etapas quedan de la siguiente forma: &nbsp; &#8211;\u00a0\u00a0\u00a0\u00a0\u00a0\u00a0\u00a0 Etapa 1: Almer\u00eda \u2013 San Jos\u00e9 &nbsp; &#8211;\u00a0\u00a0\u00a0\u00a0\u00a0\u00a0\u00a0 Etapa 2: San Jos\u00e9-La Isleta del Moro-Las Negras &nbsp; &#8211;\u00a0\u00a0\u00a0\u00a0\u00a0\u00a0\u00a0 Etapa 3: Las Negras-Agua Amarga-La Mesa&hellip;<\/p>\n","category_list":"<a href=\"https:\/\/pedaleandalucia.com\/gb\/category\/rutas-btt\/\" rel=\"category tag\">rutas btt<\/a>, <a href=\"https:\/\/pedaleandalucia.com\/gb\/category\/rutas-nuevas\/\" rel=\"category tag\">Rutas nuevas<\/a>, <a href=\"https:\/\/pedaleandalucia.com\/gb\/category\/travesia-btt\/\" rel=\"category tag\">traves\u00eda btt<\/a>, <a href=\"https:\/\/pedaleandalucia.com\/gb\/category\/travesias-btt\/\" rel=\"category tag\">traves\u00edas btt<\/a>","author_info":{"name":"asanchba","url":"https:\/\/pedaleandalucia.com\/gb\/author\/asanchba\/"},"comments_num":"0 comments","featured_image_urls_v2":{"full":["https:\/\/i0.wp.com\/pedaleandalucia.com\/wp-content\/uploads\/2014\/07\/cala-plomo.jpg?fit=1010%2C750&ssl=1",1010,750,false],"thumbnail":["https:\/\/i0.wp.com\/pedaleandalucia.com\/wp-content\/uploads\/2014\/07\/cala-plomo.jpg?resize=150%2C150&ssl=1",150,150,true],"medium":["https:\/\/i0.wp.com\/pedaleandalucia.com\/wp-content\/uploads\/2014\/07\/cala-plomo.jpg?fit=300%2C222&ssl=1",300,222,true],"medium_large":["https:\/\/i0.wp.com\/pedaleandalucia.com\/wp-content\/uploads\/2014\/07\/cala-plomo.jpg?fit=580%2C431&ssl=1",580,431,true],"large":["https:\/\/i0.wp.com\/pedaleandalucia.com\/wp-content\/uploads\/2014\/07\/cala-plomo.jpg?fit=580%2C431&ssl=1",580,431,true],"1536x1536":["https:\/\/i0.wp.com\/pedaleandalucia.com\/wp-content\/uploads\/2014\/07\/cala-plomo.jpg?fit=1010%2C750&ssl=1",1010,750,true],"2048x2048":["https:\/\/i0.wp.com\/pedaleandalucia.com\/wp-content\/uploads\/2014\/07\/cala-plomo.jpg?fit=1010%2C750&ssl=1",1010,750,true],"post-thumbnail":["https:\/\/i0.wp.com\/pedaleandalucia.com\/wp-content\/uploads\/2014\/07\/cala-plomo.jpg?fit=130%2C130&ssl=1",130,130,true],"twentytwenty-fullscreen":["https:\/\/i0.wp.com\/pedaleandalucia.com\/wp-content\/uploads\/2014\/07\/cala-plomo.jpg?fit=1010%2C750&ssl=1",1010,750,true],"pedalea-landscape":["https:\/\/i0.wp.com\/pedaleandalucia.com\/wp-content\/uploads\/2014\/07\/cala-plomo.jpg?resize=500%2C250&ssl=1",500,250,true]},"post_excerpt_stackable_v2":"<p>Durante esta primavera estuvimos revisando el recorrido de la traves\u00eda y llegamos a la conclusi\u00f3n de que con el trazado actual quedaban fuera del recorrido zonas interesantes por conocer del parque natural. Este es el motivo por el que hemos redise\u00f1ado la ruta para ofrecer una visi\u00f3n m\u00e1s amplia y recorrer casi de punta a punta el P.N. del Cabo de Gata. &nbsp; La nueva disposici\u00f3n de las etapas quedan de la siguiente forma: &nbsp; &#8211;\u00a0\u00a0\u00a0\u00a0\u00a0\u00a0\u00a0 Etapa 1: Almer\u00eda \u2013 San Jos\u00e9 &nbsp; &#8211;\u00a0\u00a0\u00a0\u00a0\u00a0\u00a0\u00a0 Etapa 2: San Jos\u00e9-La Isleta del Moro-Las Negras &nbsp; &#8211;\u00a0\u00a0\u00a0\u00a0\u00a0\u00a0\u00a0 Etapa 3: Las Negras-Agua Amarga-La Mesa&hellip;<\/p>\n","category_list_v2":"<a href=\"https:\/\/pedaleandalucia.com\/gb\/category\/rutas-btt\/\" rel=\"category tag\">rutas btt<\/a>, <a href=\"https:\/\/pedaleandalucia.com\/gb\/category\/rutas-nuevas\/\" rel=\"category tag\">Rutas nuevas<\/a>, <a href=\"https:\/\/pedaleandalucia.com\/gb\/category\/travesia-btt\/\" rel=\"category tag\">traves\u00eda btt<\/a>, <a href=\"https:\/\/pedaleandalucia.com\/gb\/category\/travesias-btt\/\" rel=\"category tag\">traves\u00edas btt<\/a>","author_info_v2":{"name":"asanchba","url":"https:\/\/pedaleandalucia.com\/gb\/author\/asanchba\/"},"comments_num_v2":"0 comments","jetpack_featured_media_url":"https:\/\/i0.wp.com\/pedaleandalucia.com\/wp-content\/uploads\/2014\/07\/cala-plomo.jpg?fit=1010%2C750&ssl=1","uagb_featured_image_src":{"full":["https:\/\/i0.wp.com\/pedaleandalucia.com\/wp-content\/uploads\/2014\/07\/cala-plomo.jpg?fit=1010%2C750&ssl=1",1010,750,false],"thumbnail":["https:\/\/i0.wp.com\/pedaleandalucia.com\/wp-content\/uploads\/2014\/07\/cala-plomo.jpg?resize=150%2C150&ssl=1",150,150,true],"medium":["https:\/\/i0.wp.com\/pedaleandalucia.com\/wp-content\/uploads\/2014\/07\/cala-plomo.jpg?fit=300%2C222&ssl=1",300,222,true],"medium_large":["https:\/\/i0.wp.com\/pedaleandalucia.com\/wp-content\/uploads\/2014\/07\/cala-plomo.jpg?fit=580%2C431&ssl=1",580,431,true],"large":["https:\/\/i0.wp.com\/pedaleandalucia.com\/wp-content\/uploads\/2014\/07\/cala-plomo.jpg?fit=580%2C431&ssl=1",580,431,true],"1536x1536":["https:\/\/i0.wp.com\/pedaleandalucia.com\/wp-content\/uploads\/2014\/07\/cala-plomo.jpg?fit=1010%2C750&ssl=1",1010,750,true],"2048x2048":["https:\/\/i0.wp.com\/pedaleandalucia.com\/wp-content\/uploads\/2014\/07\/cala-plomo.jpg?fit=1010%2C750&ssl=1",1010,750,true],"post-thumbnail":["https:\/\/i0.wp.com\/pedaleandalucia.com\/wp-content\/uploads\/2014\/07\/cala-plomo.jpg?fit=130%2C130&ssl=1",130,130,true],"twentytwenty-fullscreen":["https:\/\/i0.wp.com\/pedaleandalucia.com\/wp-content\/uploads\/2014\/07\/cala-plomo.jpg?fit=1010%2C750&ssl=1",1010,750,true],"pedalea-landscape":["https:\/\/i0.wp.com\/pedaleandalucia.com\/wp-content\/uploads\/2014\/07\/cala-plomo.jpg?resize=500%2C250&ssl=1",500,250,true]},"uagb_author_info":{"display_name":"asanchba","author_link":"https:\/\/pedaleandalucia.com\/gb\/author\/asanchba\/"},"uagb_comment_info":0,"uagb_excerpt":"Durante esta primavera estuvimos revisando el recorrido de la traves\u00eda y llegamos a la conclusi\u00f3n de que con el trazado actual quedaban fuera del recorrido zonas interesantes por conocer del parque natural. Este es el motivo por el que hemos redise\u00f1ado la ruta para ofrecer una visi\u00f3n m\u00e1s amplia y recorrer casi de punta a&hellip;","jetpack_sharing_enabled":true,"jetpack_shortlink":"https:\/\/wp.me\/p2Lg6v-eV","jetpack-related-posts":[{"id":2906,"url":"https:\/\/pedaleandalucia.com\/gb\/playa-de-las-salinas\/","url_meta":{"origin":925,"position":0},"title":"Playa de las Salinas","author":"asanchba","date":"November 17, 2025","format":false,"excerpt":"Legado Romano","rel":"","context":"In &quot;Agua Amarga&quot;","block_context":{"text":"Agua Amarga","link":"https:\/\/pedaleandalucia.com\/gb\/category\/agua-amarga\/"},"img":{"alt_text":"","src":"https:\/\/i0.wp.com\/pedaleandalucia.com\/wp-content\/uploads\/2025\/11\/playa-de-las-salinas.jpg?fit=1136%2C513&ssl=1&resize=350%2C200","width":350,"height":200,"srcset":"https:\/\/i0.wp.com\/pedaleandalucia.com\/wp-content\/uploads\/2025\/11\/playa-de-las-salinas.jpg?fit=1136%2C513&ssl=1&resize=350%2C200 1x, https:\/\/i0.wp.com\/pedaleandalucia.com\/wp-content\/uploads\/2025\/11\/playa-de-las-salinas.jpg?fit=1136%2C513&ssl=1&resize=525%2C300 1.5x, https:\/\/i0.wp.com\/pedaleandalucia.com\/wp-content\/uploads\/2025\/11\/playa-de-las-salinas.jpg?fit=1136%2C513&ssl=1&resize=700%2C400 2x, https:\/\/i0.wp.com\/pedaleandalucia.com\/wp-content\/uploads\/2025\/11\/playa-de-las-salinas.jpg?fit=1136%2C513&ssl=1&resize=1050%2C600 3x"},"classes":[]},{"id":1977,"url":"https:\/\/pedaleandalucia.com\/gb\/travesia-btt-cabo-de-gata-playa-de-genoveses\/","url_meta":{"origin":925,"position":1},"title":"Traves\u00eda BTT Cabo de Gata. Playa de Genoveses.","author":"asanchba","date":"May 8, 2018","format":false,"excerpt":"En la primera etapa de la traves\u00eda, la playa de los Genoveses es uno de los puntos m\u00e1s significativos del recorrido. Descansar un rato antes de llegar al final de etapa en San Jos\u00e9, o volver a ella, dando un peque\u00f1o paseo para estirar las piernas y ver atardecer, es\u2026","rel":"","context":"In &quot;Cabo de Gata&quot;","block_context":{"text":"Cabo de Gata","link":"https:\/\/pedaleandalucia.com\/gb\/category\/cabo-de-gata-2\/"},"img":{"alt_text":"","src":"https:\/\/i0.wp.com\/pedaleandalucia.com\/wp-content\/uploads\/2018\/04\/IMG_20171206_173015_340-2-1024x768.jpg?resize=350%2C200","width":350,"height":200,"srcset":"https:\/\/i0.wp.com\/pedaleandalucia.com\/wp-content\/uploads\/2018\/04\/IMG_20171206_173015_340-2-1024x768.jpg?resize=350%2C200 1x, https:\/\/i0.wp.com\/pedaleandalucia.com\/wp-content\/uploads\/2018\/04\/IMG_20171206_173015_340-2-1024x768.jpg?resize=525%2C300 1.5x"},"classes":[]},{"id":3039,"url":"https:\/\/pedaleandalucia.com\/gb\/lugares-unicos\/","url_meta":{"origin":925,"position":2},"title":"Lugares \u00fanicos","author":"asanchba","date":"February 12, 2026","format":false,"excerpt":"Tres d\u00edas pedaleando por el Parque Natural de Cabo de Gata\u2013N\u00edjar ????\u200d\u2642\ufe0f Playas paradis\u00edacas, paisajes volc\u00e1nicos y caminos \u00fanicos para descubrir uno de los rincones m\u00e1s especiales de Almer\u00eda, lejos de las aglomeraciones. Una experiencia que deja huella. #CaboDeGata #MTBAndaluc\u00eda #PedaleaAndaluc\u00eda","rel":"","context":"In &quot;Agua Amarga&quot;","block_context":{"text":"Agua Amarga","link":"https:\/\/pedaleandalucia.com\/gb\/category\/agua-amarga\/"},"img":{"alt_text":"Etapa btt Almer\u00eda - San Jos\u00e9","src":"https:\/\/i0.wp.com\/pedaleandalucia.com\/wp-content\/uploads\/2026\/02\/IMG_20251022_190805-scaled-e1770743075337.jpg?fit=400%2C711&ssl=1&resize=350%2C200","width":350,"height":200},"classes":[]},{"id":2857,"url":"https:\/\/pedaleandalucia.com\/gb\/faro-del-cabo-de-gata\/","url_meta":{"origin":925,"position":3},"title":"Faro del Cabo de Gata","author":"asanchba","date":"October 10, 2025","format":false,"excerpt":"Donde el mar, la luz y el paisaje volc\u00e1nico se unen.","rel":"","context":"In &quot;Agua Amarga&quot;","block_context":{"text":"Agua Amarga","link":"https:\/\/pedaleandalucia.com\/gb\/category\/agua-amarga\/"},"img":{"alt_text":"","src":"https:\/\/i0.wp.com\/pedaleandalucia.com\/wp-content\/uploads\/2025\/10\/IMG20230129122720-EDIT-scaled.jpg?fit=1200%2C900&ssl=1&resize=350%2C200","width":350,"height":200,"srcset":"https:\/\/i0.wp.com\/pedaleandalucia.com\/wp-content\/uploads\/2025\/10\/IMG20230129122720-EDIT-scaled.jpg?fit=1200%2C900&ssl=1&resize=350%2C200 1x, https:\/\/i0.wp.com\/pedaleandalucia.com\/wp-content\/uploads\/2025\/10\/IMG20230129122720-EDIT-scaled.jpg?fit=1200%2C900&ssl=1&resize=525%2C300 1.5x, https:\/\/i0.wp.com\/pedaleandalucia.com\/wp-content\/uploads\/2025\/10\/IMG20230129122720-EDIT-scaled.jpg?fit=1200%2C900&ssl=1&resize=700%2C400 2x, https:\/\/i0.wp.com\/pedaleandalucia.com\/wp-content\/uploads\/2025\/10\/IMG20230129122720-EDIT-scaled.jpg?fit=1200%2C900&ssl=1&resize=1050%2C600 3x"},"classes":[]},{"id":2919,"url":"https:\/\/pedaleandalucia.com\/gb\/playa-de-los-genoveses-2\/","url_meta":{"origin":925,"position":4},"title":"Playa de los Genoveses","author":"asanchba","date":"November 24, 2025","format":false,"excerpt":"\u00bfQui\u00e9n dice que no existe el paraiso?","rel":"","context":"In &quot;Agua Amarga&quot;","block_context":{"text":"Agua Amarga","link":"https:\/\/pedaleandalucia.com\/gb\/category\/agua-amarga\/"},"img":{"alt_text":"","src":"https:\/\/i0.wp.com\/pedaleandalucia.com\/wp-content\/uploads\/2025\/11\/genoveses-scaled.jpg?fit=1200%2C900&ssl=1&resize=350%2C200","width":350,"height":200,"srcset":"https:\/\/i0.wp.com\/pedaleandalucia.com\/wp-content\/uploads\/2025\/11\/genoveses-scaled.jpg?fit=1200%2C900&ssl=1&resize=350%2C200 1x, https:\/\/i0.wp.com\/pedaleandalucia.com\/wp-content\/uploads\/2025\/11\/genoveses-scaled.jpg?fit=1200%2C900&ssl=1&resize=525%2C300 1.5x, https:\/\/i0.wp.com\/pedaleandalucia.com\/wp-content\/uploads\/2025\/11\/genoveses-scaled.jpg?fit=1200%2C900&ssl=1&resize=700%2C400 2x, https:\/\/i0.wp.com\/pedaleandalucia.com\/wp-content\/uploads\/2025\/11\/genoveses-scaled.jpg?fit=1200%2C900&ssl=1&resize=1050%2C600 3x"},"classes":[]},{"id":2922,"url":"https:\/\/pedaleandalucia.com\/gb\/p-n-cabo-de-gata-nijar-reserva-maritimo-terrestre\/","url_meta":{"origin":925,"position":5},"title":"P.N. Cabo de Gata &#8211; N\u00edjar. Reserva maritimo-terrestre","author":"asanchba","date":"November 27, 2025","format":false,"excerpt":"Paisaje \u00fanico","rel":"","context":"In &quot;Agua Amarga&quot;","block_context":{"text":"Agua Amarga","link":"https:\/\/pedaleandalucia.com\/gb\/category\/agua-amarga\/"},"img":{"alt_text":"","src":"https:\/\/i0.wp.com\/pedaleandalucia.com\/wp-content\/uploads\/2025\/11\/amatista-scaled.jpg?fit=1200%2C900&ssl=1&resize=350%2C200","width":350,"height":200,"srcset":"https:\/\/i0.wp.com\/pedaleandalucia.com\/wp-content\/uploads\/2025\/11\/amatista-scaled.jpg?fit=1200%2C900&ssl=1&resize=350%2C200 1x, https:\/\/i0.wp.com\/pedaleandalucia.com\/wp-content\/uploads\/2025\/11\/amatista-scaled.jpg?fit=1200%2C900&ssl=1&resize=525%2C300 1.5x, https:\/\/i0.wp.com\/pedaleandalucia.com\/wp-content\/uploads\/2025\/11\/amatista-scaled.jpg?fit=1200%2C900&ssl=1&resize=700%2C400 2x, https:\/\/i0.wp.com\/pedaleandalucia.com\/wp-content\/uploads\/2025\/11\/amatista-scaled.jpg?fit=1200%2C900&ssl=1&resize=1050%2C600 3x"},"classes":[]}],"_links":{"self":[{"href":"https:\/\/pedaleandalucia.com\/gb\/wp-json\/wp\/v2\/posts\/925"}],"collection":[{"href":"https:\/\/pedaleandalucia.com\/gb\/wp-json\/wp\/v2\/posts"}],"about":[{"href":"https:\/\/pedaleandalucia.com\/gb\/wp-json\/wp\/v2\/types\/post"}],"author":[{"embeddable":true,"href":"https:\/\/pedaleandalucia.com\/gb\/wp-json\/wp\/v2\/users\/2"}],"replies":[{"embeddable":true,"href":"https:\/\/pedaleandalucia.com\/gb\/wp-json\/wp\/v2\/comments?post=925"}],"version-history":[{"count":4,"href":"https:\/\/pedaleandalucia.com\/gb\/wp-json\/wp\/v2\/posts\/925\/revisions"}],"predecessor-version":[{"id":930,"href":"https:\/\/pedaleandalucia.com\/gb\/wp-json\/wp\/v2\/posts\/925\/revisions\/930"}],"wp:featuredmedia":[{"embeddable":true,"href":"https:\/\/pedaleandalucia.com\/gb\/wp-json\/wp\/v2\/media\/926"}],"wp:attachment":[{"href":"https:\/\/pedaleandalucia.com\/gb\/wp-json\/wp\/v2\/media?parent=925"}],"wp:term":[{"taxonomy":"category","embeddable":true,"href":"https:\/\/pedaleandalucia.com\/gb\/wp-json\/wp\/v2\/categories?post=925"},{"taxonomy":"post_tag","embeddable":true,"href":"https:\/\/pedaleandalucia.com\/gb\/wp-json\/wp\/v2\/tags?post=925"}],"curies":[{"name":"wp","href":"https:\/\/api.w.org\/{rel}","templated":true}]}}