{"id":858,"date":"2014-03-18T12:14:14","date_gmt":"2014-03-18T12:14:14","guid":{"rendered":"http:\/\/pedaleandalucia.com\/?p=858"},"modified":"2014-03-18T12:14:14","modified_gmt":"2014-03-18T12:14:14","slug":"asistimos-a-la-primera-ciclo-incubadora-de-empresas-de-btt","status":"publish","type":"post","link":"https:\/\/pedaleandalucia.com\/gb\/asistimos-a-la-primera-ciclo-incubadora-de-empresas-de-btt\/","title":{"rendered":"Asistimos a la primera Ciclo-Incubadora de empresas de BTT"},"content":{"rendered":"<p>El pr\u00f3ximo 22 de marzo asistiremos en Cuenca al workshop que organizan la Escuela Espa\u00f1ola de Mountain Bike y la Federaci\u00f3n Castellano Manchega de ciclismo para participar en la mesa redonda dentro del apartado de \u00a0Ciclo-Incubadoras para empresas de BTT. En ella hablaremos sobre todos los temas relacionados en la creaci\u00f3n y desarrollo de nuestro proyecto y compartiremos las experiencias vividas hasta el momento.<\/p>\n<p>&nbsp;<\/p>\n","protected":false},"excerpt":{"rendered":"<p>El pr\u00f3ximo 22 de marzo asistiremos en Cuenca al workshop que organizan la Escuela Espa\u00f1ola de Mountain Bike y la Federaci\u00f3n Castellano Manchega de ciclismo para participar en la mesa redonda dentro del apartado de \u00a0Ciclo-Incubadoras para empresas de BTT. En ella hablaremos sobre todos los temas relacionados en la creaci\u00f3n y desarrollo de nuestro [&hellip;]<\/p>\n","protected":false},"author":2,"featured_media":859,"comment_status":"open","ping_status":"open","sticky":false,"template":"","format":"standard","meta":{"_coblocks_attr":"","_coblocks_dimensions":"","_coblocks_responsive_height":"","_coblocks_accordion_ie_support":"","_uag_custom_page_level_css":"","jetpack_post_was_ever_published":false,"_jetpack_newsletter_access":"","_jetpack_newsletter_tier_id":0,"footnotes":"","jetpack_publicize_message":"","jetpack_is_tweetstorm":false,"jetpack_publicize_feature_enabled":true,"jetpack_social_post_already_shared":false,"jetpack_social_options":{"image_generator_settings":{"template":"highway","enabled":false}}},"categories":[34,33,31,32],"tags":[],"translation":{"provider":"WPGlobus","version":"3.0.0","language":"gb","enabled_languages":["es","gb"],"languages":{"es":{"title":true,"content":true,"excerpt":false},"gb":{"title":false,"content":false,"excerpt":false}}},"jetpack_publicize_connections":[],"featured_image_urls":{"full":["https:\/\/i0.wp.com\/pedaleandalucia.com\/wp-content\/uploads\/2014\/03\/pa_eemtb.jpg?fit=359%2C288&ssl=1",359,288,false],"thumbnail":["https:\/\/i0.wp.com\/pedaleandalucia.com\/wp-content\/uploads\/2014\/03\/pa_eemtb.jpg?resize=150%2C150&ssl=1",150,150,true],"medium":["https:\/\/i0.wp.com\/pedaleandalucia.com\/wp-content\/uploads\/2014\/03\/pa_eemtb.jpg?fit=300%2C240&ssl=1",300,240,true],"medium_large":["https:\/\/i0.wp.com\/pedaleandalucia.com\/wp-content\/uploads\/2014\/03\/pa_eemtb.jpg?fit=359%2C288&ssl=1",359,288,true],"large":["https:\/\/i0.wp.com\/pedaleandalucia.com\/wp-content\/uploads\/2014\/03\/pa_eemtb.jpg?fit=359%2C288&ssl=1",359,288,true],"1536x1536":["https:\/\/i0.wp.com\/pedaleandalucia.com\/wp-content\/uploads\/2014\/03\/pa_eemtb.jpg?fit=359%2C288&ssl=1",359,288,true],"2048x2048":["https:\/\/i0.wp.com\/pedaleandalucia.com\/wp-content\/uploads\/2014\/03\/pa_eemtb.jpg?fit=359%2C288&ssl=1",359,288,true],"post-thumbnail":["https:\/\/i0.wp.com\/pedaleandalucia.com\/wp-content\/uploads\/2014\/03\/pa_eemtb.jpg?fit=130%2C130&ssl=1",130,130,true],"twentytwenty-fullscreen":["https:\/\/i0.wp.com\/pedaleandalucia.com\/wp-content\/uploads\/2014\/03\/pa_eemtb.jpg?fit=359%2C288&ssl=1",359,288,true],"pedalea-landscape":["https:\/\/i0.wp.com\/pedaleandalucia.com\/wp-content\/uploads\/2014\/03\/pa_eemtb.jpg?resize=359%2C250&ssl=1",359,250,true]},"post_excerpt_stackable":"<p>El pr\u00f3ximo 22 de marzo asistiremos en Cuenca al workshop que organizan la Escuela Espa\u00f1ola de Mountain Bike y la Federaci\u00f3n Castellano Manchega de ciclismo para participar en la mesa redonda dentro del apartado de \u00a0Ciclo-Incubadoras para empresas de BTT. En ella hablaremos sobre todos los temas relacionados en la creaci\u00f3n y desarrollo de nuestro proyecto y compartiremos las experiencias vividas hasta el momento. &nbsp;<\/p>\n","category_list":"<a href=\"https:\/\/pedaleandalucia.com\/gb\/category\/ciclomovilidad\/\" rel=\"category tag\">ciclomovilidad<\/a>, <a href=\"https:\/\/pedaleandalucia.com\/gb\/category\/rutas-btt\/\" rel=\"category tag\">rutas btt<\/a>, <a href=\"https:\/\/pedaleandalucia.com\/gb\/category\/travesia-btt\/\" rel=\"category tag\">traves\u00eda btt<\/a>, <a href=\"https:\/\/pedaleandalucia.com\/gb\/category\/travesias-btt\/\" rel=\"category tag\">traves\u00edas btt<\/a>","author_info":{"name":"asanchba","url":"https:\/\/pedaleandalucia.com\/gb\/author\/asanchba\/"},"comments_num":"0 comments","featured_image_urls_v2":{"full":["https:\/\/i0.wp.com\/pedaleandalucia.com\/wp-content\/uploads\/2014\/03\/pa_eemtb.jpg?fit=359%2C288&ssl=1",359,288,false],"thumbnail":["https:\/\/i0.wp.com\/pedaleandalucia.com\/wp-content\/uploads\/2014\/03\/pa_eemtb.jpg?resize=150%2C150&ssl=1",150,150,true],"medium":["https:\/\/i0.wp.com\/pedaleandalucia.com\/wp-content\/uploads\/2014\/03\/pa_eemtb.jpg?fit=300%2C240&ssl=1",300,240,true],"medium_large":["https:\/\/i0.wp.com\/pedaleandalucia.com\/wp-content\/uploads\/2014\/03\/pa_eemtb.jpg?fit=359%2C288&ssl=1",359,288,true],"large":["https:\/\/i0.wp.com\/pedaleandalucia.com\/wp-content\/uploads\/2014\/03\/pa_eemtb.jpg?fit=359%2C288&ssl=1",359,288,true],"1536x1536":["https:\/\/i0.wp.com\/pedaleandalucia.com\/wp-content\/uploads\/2014\/03\/pa_eemtb.jpg?fit=359%2C288&ssl=1",359,288,true],"2048x2048":["https:\/\/i0.wp.com\/pedaleandalucia.com\/wp-content\/uploads\/2014\/03\/pa_eemtb.jpg?fit=359%2C288&ssl=1",359,288,true],"post-thumbnail":["https:\/\/i0.wp.com\/pedaleandalucia.com\/wp-content\/uploads\/2014\/03\/pa_eemtb.jpg?fit=130%2C130&ssl=1",130,130,true],"twentytwenty-fullscreen":["https:\/\/i0.wp.com\/pedaleandalucia.com\/wp-content\/uploads\/2014\/03\/pa_eemtb.jpg?fit=359%2C288&ssl=1",359,288,true],"pedalea-landscape":["https:\/\/i0.wp.com\/pedaleandalucia.com\/wp-content\/uploads\/2014\/03\/pa_eemtb.jpg?resize=359%2C250&ssl=1",359,250,true]},"post_excerpt_stackable_v2":"<p>El pr\u00f3ximo 22 de marzo asistiremos en Cuenca al workshop que organizan la Escuela Espa\u00f1ola de Mountain Bike y la Federaci\u00f3n Castellano Manchega de ciclismo para participar en la mesa redonda dentro del apartado de \u00a0Ciclo-Incubadoras para empresas de BTT. En ella hablaremos sobre todos los temas relacionados en la creaci\u00f3n y desarrollo de nuestro proyecto y compartiremos las experiencias vividas hasta el momento. &nbsp;<\/p>\n","category_list_v2":"<a href=\"https:\/\/pedaleandalucia.com\/gb\/category\/ciclomovilidad\/\" rel=\"category tag\">ciclomovilidad<\/a>, <a href=\"https:\/\/pedaleandalucia.com\/gb\/category\/rutas-btt\/\" rel=\"category tag\">rutas btt<\/a>, <a href=\"https:\/\/pedaleandalucia.com\/gb\/category\/travesia-btt\/\" rel=\"category tag\">traves\u00eda btt<\/a>, <a href=\"https:\/\/pedaleandalucia.com\/gb\/category\/travesias-btt\/\" rel=\"category tag\">traves\u00edas btt<\/a>","author_info_v2":{"name":"asanchba","url":"https:\/\/pedaleandalucia.com\/gb\/author\/asanchba\/"},"comments_num_v2":"0 comments","jetpack_featured_media_url":"https:\/\/i0.wp.com\/pedaleandalucia.com\/wp-content\/uploads\/2014\/03\/pa_eemtb.jpg?fit=359%2C288&ssl=1","uagb_featured_image_src":{"full":["https:\/\/i0.wp.com\/pedaleandalucia.com\/wp-content\/uploads\/2014\/03\/pa_eemtb.jpg?fit=359%2C288&ssl=1",359,288,false],"thumbnail":["https:\/\/i0.wp.com\/pedaleandalucia.com\/wp-content\/uploads\/2014\/03\/pa_eemtb.jpg?resize=150%2C150&ssl=1",150,150,true],"medium":["https:\/\/i0.wp.com\/pedaleandalucia.com\/wp-content\/uploads\/2014\/03\/pa_eemtb.jpg?fit=300%2C240&ssl=1",300,240,true],"medium_large":["https:\/\/i0.wp.com\/pedaleandalucia.com\/wp-content\/uploads\/2014\/03\/pa_eemtb.jpg?fit=359%2C288&ssl=1",359,288,true],"large":["https:\/\/i0.wp.com\/pedaleandalucia.com\/wp-content\/uploads\/2014\/03\/pa_eemtb.jpg?fit=359%2C288&ssl=1",359,288,true],"1536x1536":["https:\/\/i0.wp.com\/pedaleandalucia.com\/wp-content\/uploads\/2014\/03\/pa_eemtb.jpg?fit=359%2C288&ssl=1",359,288,true],"2048x2048":["https:\/\/i0.wp.com\/pedaleandalucia.com\/wp-content\/uploads\/2014\/03\/pa_eemtb.jpg?fit=359%2C288&ssl=1",359,288,true],"post-thumbnail":["https:\/\/i0.wp.com\/pedaleandalucia.com\/wp-content\/uploads\/2014\/03\/pa_eemtb.jpg?fit=130%2C130&ssl=1",130,130,true],"twentytwenty-fullscreen":["https:\/\/i0.wp.com\/pedaleandalucia.com\/wp-content\/uploads\/2014\/03\/pa_eemtb.jpg?fit=359%2C288&ssl=1",359,288,true],"pedalea-landscape":["https:\/\/i0.wp.com\/pedaleandalucia.com\/wp-content\/uploads\/2014\/03\/pa_eemtb.jpg?resize=359%2C250&ssl=1",359,250,true]},"uagb_author_info":{"display_name":"asanchba","author_link":"https:\/\/pedaleandalucia.com\/gb\/author\/asanchba\/"},"uagb_comment_info":0,"uagb_excerpt":"El pr\u00f3ximo 22 de marzo asistiremos en Cuenca al workshop que organizan la Escuela Espa\u00f1ola de Mountain Bike y la Federaci\u00f3n Castellano Manchega de ciclismo para participar en la mesa redonda dentro del apartado de \u00a0Ciclo-Incubadoras para empresas de BTT. En ella hablaremos sobre todos los temas relacionados en la creaci\u00f3n y desarrollo de nuestro&hellip;","jetpack_sharing_enabled":true,"jetpack_shortlink":"https:\/\/wp.me\/p2Lg6v-dQ","jetpack-related-posts":[{"id":841,"url":"https:\/\/pedaleandalucia.com\/gb\/comienza-la-temporada-2014-reconocimiento-de-la-4o-etapa-de-la-transcazorla\/","url_meta":{"origin":858,"position":0},"title":"Comienza la temporada 2014. Reconocimiento de la 4\u00ba Etapa de la TransCazorla","author":"asanchba","date":"March 4, 2014","format":false,"excerpt":"La temporada empieza, romero y almendros en flor, signo claro de que la primavera est\u00e1 entrando y la excusa perfecta para empezar a evaluar el estado de los caminos despu\u00e9s de un invierno bastante\u00a0lluvioso. Con esta idea salimos el pasado viernes para recorrer el trazado de la \u00faltima etapa de\u2026","rel":"","context":"In &quot;rutas btt&quot;","block_context":{"text":"rutas btt","link":"https:\/\/pedaleandalucia.com\/gb\/category\/rutas-btt\/"},"img":{"alt_text":"","src":"https:\/\/i0.wp.com\/pedaleandalucia.com\/wp-content\/uploads\/2014\/03\/2014-02-28-15.00.04.jpg?fit=1200%2C900&ssl=1&resize=350%2C200","width":350,"height":200,"srcset":"https:\/\/i0.wp.com\/pedaleandalucia.com\/wp-content\/uploads\/2014\/03\/2014-02-28-15.00.04.jpg?fit=1200%2C900&ssl=1&resize=350%2C200 1x, https:\/\/i0.wp.com\/pedaleandalucia.com\/wp-content\/uploads\/2014\/03\/2014-02-28-15.00.04.jpg?fit=1200%2C900&ssl=1&resize=525%2C300 1.5x, https:\/\/i0.wp.com\/pedaleandalucia.com\/wp-content\/uploads\/2014\/03\/2014-02-28-15.00.04.jpg?fit=1200%2C900&ssl=1&resize=700%2C400 2x, https:\/\/i0.wp.com\/pedaleandalucia.com\/wp-content\/uploads\/2014\/03\/2014-02-28-15.00.04.jpg?fit=1200%2C900&ssl=1&resize=1050%2C600 3x"},"classes":[]},{"id":871,"url":"https:\/\/pedaleandalucia.com\/gb\/primer-video-de-la-travesia-del-cabo-de-gata-en-btt\/","url_meta":{"origin":858,"position":1},"title":"Primer v\u00eddeo de la Traves\u00eda del Cabo de Gata en BTT","author":"asanchba","date":"March 31, 2014","format":false,"excerpt":"En este primer v\u00eddeo os mostramos parte de la primera etapa. Se trata del tramo comprendido entre el faro del Cabo de Gata y la playa de los Genoveses, pasando por la famosa playa de Mos\u00fal, donde se rodaron varias escenas de la pel\u00edcula Indiana Jones y la \u00faltima cruzada.\u2026","rel":"","context":"In \"bici de monta\u00f1a\"","block_context":{"text":"bici de monta\u00f1a","link":"https:\/\/pedaleandalucia.com\/gb\/tag\/bici-de-montana\/"},"img":{"alt_text":"","src":"https:\/\/i0.wp.com\/pedaleandalucia.com\/wp-content\/uploads\/2014\/03\/2014-03-27-14.53.29.jpg?fit=1200%2C900&ssl=1&resize=350%2C200","width":350,"height":200,"srcset":"https:\/\/i0.wp.com\/pedaleandalucia.com\/wp-content\/uploads\/2014\/03\/2014-03-27-14.53.29.jpg?fit=1200%2C900&ssl=1&resize=350%2C200 1x, https:\/\/i0.wp.com\/pedaleandalucia.com\/wp-content\/uploads\/2014\/03\/2014-03-27-14.53.29.jpg?fit=1200%2C900&ssl=1&resize=525%2C300 1.5x, https:\/\/i0.wp.com\/pedaleandalucia.com\/wp-content\/uploads\/2014\/03\/2014-03-27-14.53.29.jpg?fit=1200%2C900&ssl=1&resize=700%2C400 2x, https:\/\/i0.wp.com\/pedaleandalucia.com\/wp-content\/uploads\/2014\/03\/2014-03-27-14.53.29.jpg?fit=1200%2C900&ssl=1&resize=1050%2C600 3x"},"classes":[]},{"id":2786,"url":"https:\/\/pedaleandalucia.com\/gb\/transcazorla-100-mountain-bike\/","url_meta":{"origin":858,"position":2},"title":"TRANSCAZORLA 100% MOUNTAIN BIKE","author":"asanchba","date":"February 4, 2025","format":false,"excerpt":"Transcazorla MTB, una experiencia \u00fanica.","rel":"","context":"In &quot;cicloturismo&quot;","block_context":{"text":"cicloturismo","link":"https:\/\/pedaleandalucia.com\/gb\/category\/cicloturismo\/"},"img":{"alt_text":"","src":"https:\/\/i0.wp.com\/pedaleandalucia.com\/wp-content\/uploads\/2025\/02\/Transcazorla-3.jpg?fit=1164%2C655&ssl=1&resize=350%2C200","width":350,"height":200,"srcset":"https:\/\/i0.wp.com\/pedaleandalucia.com\/wp-content\/uploads\/2025\/02\/Transcazorla-3.jpg?fit=1164%2C655&ssl=1&resize=350%2C200 1x, https:\/\/i0.wp.com\/pedaleandalucia.com\/wp-content\/uploads\/2025\/02\/Transcazorla-3.jpg?fit=1164%2C655&ssl=1&resize=525%2C300 1.5x, https:\/\/i0.wp.com\/pedaleandalucia.com\/wp-content\/uploads\/2025\/02\/Transcazorla-3.jpg?fit=1164%2C655&ssl=1&resize=700%2C400 2x, https:\/\/i0.wp.com\/pedaleandalucia.com\/wp-content\/uploads\/2025\/02\/Transcazorla-3.jpg?fit=1164%2C655&ssl=1&resize=1050%2C600 3x"},"classes":[]},{"id":862,"url":"https:\/\/pedaleandalucia.com\/gb\/proyecto-de-colaboracion-entre-pedalea-andalucia-y-cycle-style\/","url_meta":{"origin":858,"position":3},"title":"Proyecto de Colaboraci\u00f3n entre Pedalea Andaluc\u00eda y Cycle Style","author":"asanchba","date":"March 25, 2014","format":false,"excerpt":"Como sucede en todos los \u00e1mbitos de la vida, el futuro est\u00e1 en las generaciones m\u00e1s j\u00f3venes, por eso cuando V\u00edctor de Cycle Style (nuestro colaborador en la TransCazorla) nos habl\u00f3 de su nuevo proyecto, nos pareci\u00f3 una forma genial de contibuir a ello. Pedalea Andaluc\u00eda quiere apoyar a los\u2026","rel":"","context":"In \"equipo de competici\u00f3n\"","block_context":{"text":"equipo de competici\u00f3n","link":"https:\/\/pedaleandalucia.com\/gb\/tag\/equipo-de-competicion\/"},"img":{"alt_text":"","src":"https:\/\/i0.wp.com\/pedaleandalucia.com\/wp-content\/uploads\/2014\/03\/Proyecto-Cycle-PA.jpg?fit=525%2C414&ssl=1&resize=350%2C200","width":350,"height":200,"srcset":"https:\/\/i0.wp.com\/pedaleandalucia.com\/wp-content\/uploads\/2014\/03\/Proyecto-Cycle-PA.jpg?fit=525%2C414&ssl=1&resize=350%2C200 1x, https:\/\/i0.wp.com\/pedaleandalucia.com\/wp-content\/uploads\/2014\/03\/Proyecto-Cycle-PA.jpg?fit=525%2C414&ssl=1&resize=525%2C300 1.5x"},"classes":[]},{"id":438,"url":"https:\/\/pedaleandalucia.com\/gb\/la-sacacorchos\/","url_meta":{"origin":858,"position":4},"title":"La SacaCorchos","author":"asanchba","date":"October 4, 2012","format":false,"excerpt":"\u00a0 Con el fin de promocionar la nueva traves\u00eda en btt que transcurre entre las provincias de M\u00e1laga y C\u00e1diz hemos dise\u00f1ado este\u00a0folleto con el cual, a parte de la informaci\u00f3n b\u00e1sica de la ruta, podr\u00e1s conseguir un 5% de descuento al contratar la traves\u00eda. \u00a0 No lo dudes! Disfrutar\u00e1s\u2026","rel":"","context":"In \"bici de monta\u00f1a\"","block_context":{"text":"bici de monta\u00f1a","link":"https:\/\/pedaleandalucia.com\/gb\/tag\/bici-de-montana\/"},"img":{"alt_text":"Pedalea Andaluc\u00eda. Traves\u00eda en btt Pueblos Blancos. P.N. Grazalema-Alcornocales","src":"https:\/\/i0.wp.com\/pedaleandalucia.com\/wp-content\/uploads\/2012\/10\/La-SacaCorchos.jpg?fit=841%2C1200&ssl=1&resize=350%2C200","width":350,"height":200,"srcset":"https:\/\/i0.wp.com\/pedaleandalucia.com\/wp-content\/uploads\/2012\/10\/La-SacaCorchos.jpg?fit=841%2C1200&ssl=1&resize=350%2C200 1x, https:\/\/i0.wp.com\/pedaleandalucia.com\/wp-content\/uploads\/2012\/10\/La-SacaCorchos.jpg?fit=841%2C1200&ssl=1&resize=525%2C300 1.5x, https:\/\/i0.wp.com\/pedaleandalucia.com\/wp-content\/uploads\/2012\/10\/La-SacaCorchos.jpg?fit=841%2C1200&ssl=1&resize=700%2C400 2x"},"classes":[]},{"id":1225,"url":"https:\/\/pedaleandalucia.com\/gb\/travesias-btt-promocion-semana-santa-10\/","url_meta":{"origin":858,"position":5},"title":"TRAVES\u00cdAS BTT PROMOCI\u00d3N SEMANA SANTA -10%","author":"asanchba","date":"February 26, 2015","format":false,"excerpt":"Empezamos la temporada 2015 con una muy buena noticia, si contratas cualquiera de nuestras rutas durante el mes de marzo obtendr\u00e1s un 10% de descuento en el precio final de la traves\u00eda. No dejes escapar esta gran oportunidad, podr\u00e1s conocer parajes incomparables a un precio superasequible, Dispon\u00e9is de toda la\u2026","rel":"","context":"In &quot;Cabo de Gata&quot;","block_context":{"text":"Cabo de Gata","link":"https:\/\/pedaleandalucia.com\/gb\/category\/cabo-de-gata-2\/"},"img":{"alt_text":"","src":"https:\/\/i0.wp.com\/pedaleandalucia.com\/wp-content\/uploads\/2015\/02\/descuento.jpg?fit=1024%2C768&ssl=1&resize=350%2C200","width":350,"height":200,"srcset":"https:\/\/i0.wp.com\/pedaleandalucia.com\/wp-content\/uploads\/2015\/02\/descuento.jpg?fit=1024%2C768&ssl=1&resize=350%2C200 1x, https:\/\/i0.wp.com\/pedaleandalucia.com\/wp-content\/uploads\/2015\/02\/descuento.jpg?fit=1024%2C768&ssl=1&resize=525%2C300 1.5x, https:\/\/i0.wp.com\/pedaleandalucia.com\/wp-content\/uploads\/2015\/02\/descuento.jpg?fit=1024%2C768&ssl=1&resize=700%2C400 2x"},"classes":[]}],"_links":{"self":[{"href":"https:\/\/pedaleandalucia.com\/gb\/wp-json\/wp\/v2\/posts\/858"}],"collection":[{"href":"https:\/\/pedaleandalucia.com\/gb\/wp-json\/wp\/v2\/posts"}],"about":[{"href":"https:\/\/pedaleandalucia.com\/gb\/wp-json\/wp\/v2\/types\/post"}],"author":[{"embeddable":true,"href":"https:\/\/pedaleandalucia.com\/gb\/wp-json\/wp\/v2\/users\/2"}],"replies":[{"embeddable":true,"href":"https:\/\/pedaleandalucia.com\/gb\/wp-json\/wp\/v2\/comments?post=858"}],"version-history":[{"count":1,"href":"https:\/\/pedaleandalucia.com\/gb\/wp-json\/wp\/v2\/posts\/858\/revisions"}],"predecessor-version":[{"id":860,"href":"https:\/\/pedaleandalucia.com\/gb\/wp-json\/wp\/v2\/posts\/858\/revisions\/860"}],"wp:featuredmedia":[{"embeddable":true,"href":"https:\/\/pedaleandalucia.com\/gb\/wp-json\/wp\/v2\/media\/859"}],"wp:attachment":[{"href":"https:\/\/pedaleandalucia.com\/gb\/wp-json\/wp\/v2\/media?parent=858"}],"wp:term":[{"taxonomy":"category","embeddable":true,"href":"https:\/\/pedaleandalucia.com\/gb\/wp-json\/wp\/v2\/categories?post=858"},{"taxonomy":"post_tag","embeddable":true,"href":"https:\/\/pedaleandalucia.com\/gb\/wp-json\/wp\/v2\/tags?post=858"}],"curies":[{"name":"wp","href":"https:\/\/api.w.org\/{rel}","templated":true}]}}