{"id":854,"date":"2014-03-14T12:02:18","date_gmt":"2014-03-14T12:02:18","guid":{"rendered":"http:\/\/pedaleandalucia.com\/?p=854"},"modified":"2014-03-14T12:02:18","modified_gmt":"2014-03-14T12:02:18","slug":"politicas-en-favor-de-la-bici-esta-vez-en-francia","status":"publish","type":"post","link":"https:\/\/pedaleandalucia.com\/gb\/politicas-en-favor-de-la-bici-esta-vez-en-francia\/","title":{"rendered":"Pol\u00edticas en favor de la bici, esta vez en Francia."},"content":{"rendered":"<p>Hoy hemos le\u00eddo parte del nuevo plan concebido por el Ministerio de Transporte franc\u00e9s \u00a0para incentivar el uso de la bici como medio de transporte para los trayectos casa-trabajo. Nos parece una muy buena idea, y no estar\u00eda mal que en Espa\u00f1a se hiciera algo parecido.<\/p>\n<p>Entre las medidas estrella, la que destaca es la indemnizaci\u00f3n por kilometraje, por la cual, el ciclista recibir\u00e1 0,25 c\u00e9ntimos de euro por kil\u00f3metro recorrido por parte de su empresa.<\/p>\n<p>Este plan \u00a0pro bici, tiene definidas 25 medidas, en esta ocasi\u00f3n os hacemos un resumen de las m\u00e1s destacadas:<\/p>\n<ul>\n<li>El ciclista recibir\u00e1 0,25 c\u00e9ntimos de euro por kil\u00f3metro recorrido por parte de su empresa que, en compensaci\u00f3n, tendr\u00e1 deducciones fiscales. Esto representar\u00e1 una disminuci\u00f3n de ingresos al estado de 110 millones de euros al a\u00f1o, pero seg\u00fan el gobierno este gasto se ver\u00e1 compensado por los beneficios en la salud p\u00fablica y por la mayor asiduidad al trabajo. La medida se pondr\u00e1 en marcha a modo experimental con empresas voluntarias y podr\u00eda suponer, seg\u00fan el gobierno, multiplicar por 10 el numero de trayectos domicilio-trabajo en bici. Una apuesta valiente que habr\u00e1 que seguir de cerca.<\/li>\n<li>Los sem\u00e1foros en rojo se convertir\u00e1n en ceda el paso para los ciclistas para evitar paradas in\u00fatiles. Al contrario de lo que mucha gente (que no monta en bici) pueda pensar, me parece una medida muy l\u00f3gica, ya que las paradas constantes machacan al ciclista urbano y saltarse un sem\u00e1foro en bici con prudencia no suponen ning\u00fan peligro (de todas formas imagino que se refiere a sem\u00e1foros para el cruce de peatones).<\/li>\n<li>Aparcar en un carril bici supondr\u00e1 una multa de 135 euros (actualmente son 35 euros). Solo puedo decir que me parece estupendo.<\/li>\n<li>El doble sentido para las bicis se generalizara en las zonas de 30 km\/h.<\/li>\n<li>A partir de 2015, las empresas con parking para coches deber\u00e1n obligatoriamente acondicionar plazas para bicicletas.<\/li>\n<li>Al menos 2 trenes por sentido y d\u00eda deber\u00e1n aceptar bicicletas en todo el circuito regional. Esto es Espa\u00f1a ser\u00eda genial que se aprobara, ya que el transporte de la bici en el tren es cada vez m\u00e1s complicado.<\/li>\n<\/ul>\n","protected":false},"excerpt":{"rendered":"<p>Hoy hemos le\u00eddo parte del nuevo plan concebido por el Ministerio de Transporte franc\u00e9s \u00a0para incentivar el uso de la bici como medio de transporte para los trayectos casa-trabajo. Nos parece una muy buena idea, y no estar\u00eda mal que en Espa\u00f1a se hiciera algo parecido. Entre las medidas estrella, la que destaca es la [&hellip;]<\/p>\n","protected":false},"author":2,"featured_media":0,"comment_status":"open","ping_status":"open","sticky":false,"template":"","format":"standard","meta":{"_coblocks_attr":"","_coblocks_dimensions":"","_coblocks_responsive_height":"","_coblocks_accordion_ie_support":"","_uag_custom_page_level_css":"","jetpack_post_was_ever_published":false,"_jetpack_newsletter_access":"","_jetpack_newsletter_tier_id":0,"footnotes":"","jetpack_publicize_message":"","jetpack_is_tweetstorm":false,"jetpack_publicize_feature_enabled":true,"jetpack_social_post_already_shared":false,"jetpack_social_options":{"image_generator_settings":{"template":"highway","enabled":false}}},"categories":[34],"tags":[],"translation":{"provider":"WPGlobus","version":"3.0.0","language":"gb","enabled_languages":["es","gb"],"languages":{"es":{"title":true,"content":true,"excerpt":false},"gb":{"title":false,"content":false,"excerpt":false}}},"jetpack_publicize_connections":[],"featured_image_urls":{"full":"","thumbnail":"","medium":"","medium_large":"","large":"","1536x1536":"","2048x2048":"","post-thumbnail":"","twentytwenty-fullscreen":"","pedalea-landscape":""},"post_excerpt_stackable":"<p>Hoy hemos le\u00eddo parte del nuevo plan concebido por el Ministerio de Transporte franc\u00e9s \u00a0para incentivar el uso de la bici como medio de transporte para los trayectos casa-trabajo. Nos parece una muy buena idea, y no estar\u00eda mal que en Espa\u00f1a se hiciera algo parecido. Entre las medidas estrella, la que destaca es la indemnizaci\u00f3n por kilometraje, por la cual, el ciclista recibir\u00e1 0,25 c\u00e9ntimos de euro por kil\u00f3metro recorrido por parte de su empresa. Este plan \u00a0pro bici, tiene definidas 25 medidas, en esta ocasi\u00f3n os hacemos un resumen de las m\u00e1s destacadas: El ciclista recibir\u00e1 0,25 c\u00e9ntimos&hellip;<\/p>\n","category_list":"<a href=\"https:\/\/pedaleandalucia.com\/gb\/category\/ciclomovilidad\/\" rel=\"category tag\">ciclomovilidad<\/a>","author_info":{"name":"asanchba","url":"https:\/\/pedaleandalucia.com\/gb\/author\/asanchba\/"},"comments_num":"0 comments","featured_image_urls_v2":{"full":"","thumbnail":"","medium":"","medium_large":"","large":"","1536x1536":"","2048x2048":"","post-thumbnail":"","twentytwenty-fullscreen":"","pedalea-landscape":""},"post_excerpt_stackable_v2":"<p>Hoy hemos le\u00eddo parte del nuevo plan concebido por el Ministerio de Transporte franc\u00e9s \u00a0para incentivar el uso de la bici como medio de transporte para los trayectos casa-trabajo. Nos parece una muy buena idea, y no estar\u00eda mal que en Espa\u00f1a se hiciera algo parecido. Entre las medidas estrella, la que destaca es la indemnizaci\u00f3n por kilometraje, por la cual, el ciclista recibir\u00e1 0,25 c\u00e9ntimos de euro por kil\u00f3metro recorrido por parte de su empresa. Este plan \u00a0pro bici, tiene definidas 25 medidas, en esta ocasi\u00f3n os hacemos un resumen de las m\u00e1s destacadas: El ciclista recibir\u00e1 0,25 c\u00e9ntimos&hellip;<\/p>\n","category_list_v2":"<a href=\"https:\/\/pedaleandalucia.com\/gb\/category\/ciclomovilidad\/\" rel=\"category tag\">ciclomovilidad<\/a>","author_info_v2":{"name":"asanchba","url":"https:\/\/pedaleandalucia.com\/gb\/author\/asanchba\/"},"comments_num_v2":"0 comments","jetpack_featured_media_url":"","uagb_featured_image_src":{"full":false,"thumbnail":false,"medium":false,"medium_large":false,"large":false,"1536x1536":false,"2048x2048":false,"post-thumbnail":false,"twentytwenty-fullscreen":false,"pedalea-landscape":false},"uagb_author_info":{"display_name":"asanchba","author_link":"https:\/\/pedaleandalucia.com\/gb\/author\/asanchba\/"},"uagb_comment_info":0,"uagb_excerpt":"Hoy hemos le\u00eddo parte del nuevo plan concebido por el Ministerio de Transporte franc\u00e9s \u00a0para incentivar el uso de la bici como medio de transporte para los trayectos casa-trabajo. Nos parece una muy buena idea, y no estar\u00eda mal que en Espa\u00f1a se hiciera algo parecido. Entre las medidas estrella, la que destaca es la&hellip;","jetpack_sharing_enabled":true,"jetpack_shortlink":"https:\/\/wp.me\/p2Lg6v-dM","jetpack-related-posts":[{"id":961,"url":"https:\/\/pedaleandalucia.com\/gb\/plan-de-movilidad-ciclista-de-cantabria\/","url_meta":{"origin":854,"position":0},"title":"Plan de Movilidad Ciclista de Cantabria","author":"asanchba","date":"August 11, 2014","format":false,"excerpt":"Desde Pedalea Andaluc\u00eda, siempre queremos dar difusi\u00f3n a todo lo relacionado con el uso de la bici y m\u00e1s en concreto con todas aquellas gestiones que permitan hacer del uso de la bici algo cotidiano. Hoy os presentamos el PMCC (Plan de Movilidad Ciclista de Cantabria)\u00a0http:\/\/pmcc.cantabria.es\/, que aunque est\u00e1 en\u2026","rel":"","context":"Similar post","block_context":{"text":"Similar post","link":""},"img":{"alt_text":"","src":"","width":0,"height":0},"classes":[]},{"id":2934,"url":"https:\/\/pedaleandalucia.com\/gb\/tarifa-destino-ciclista\/","url_meta":{"origin":854,"position":1},"title":"Tarifa. Destino Ciclista.","author":"asanchba","date":"November 25, 2025","format":false,"excerpt":"Tarifa. Territorio MTB.","rel":"","context":"In &quot;bicicleta el\u00e9ctrica&quot;","block_context":{"text":"bicicleta el\u00e9ctrica","link":"https:\/\/pedaleandalucia.com\/gb\/category\/bicicleta-electrica\/"},"img":{"alt_text":"","src":"https:\/\/i0.wp.com\/pedaleandalucia.com\/wp-content\/uploads\/2025\/11\/IMG20251023092034-scaled.jpg?fit=1200%2C677&ssl=1&resize=350%2C200","width":350,"height":200,"srcset":"https:\/\/i0.wp.com\/pedaleandalucia.com\/wp-content\/uploads\/2025\/11\/IMG20251023092034-scaled.jpg?fit=1200%2C677&ssl=1&resize=350%2C200 1x, https:\/\/i0.wp.com\/pedaleandalucia.com\/wp-content\/uploads\/2025\/11\/IMG20251023092034-scaled.jpg?fit=1200%2C677&ssl=1&resize=525%2C300 1.5x, https:\/\/i0.wp.com\/pedaleandalucia.com\/wp-content\/uploads\/2025\/11\/IMG20251023092034-scaled.jpg?fit=1200%2C677&ssl=1&resize=700%2C400 2x, https:\/\/i0.wp.com\/pedaleandalucia.com\/wp-content\/uploads\/2025\/11\/IMG20251023092034-scaled.jpg?fit=1200%2C677&ssl=1&resize=1050%2C600 3x"},"classes":[]},{"id":2771,"url":"https:\/\/pedaleandalucia.com\/gb\/ecija-ciudad-monumental\/","url_meta":{"origin":854,"position":2},"title":"\u00c9cija, ciudad monumental.","author":"asanchba","date":"January 15, 2025","format":false,"excerpt":"El cicloturismo combina ejercicio, naturaleza y patrimonio cultural.","rel":"","context":"In &quot;Carmona&quot;","block_context":{"text":"Carmona","link":"https:\/\/pedaleandalucia.com\/gb\/category\/carmona\/"},"img":{"alt_text":"","src":"https:\/\/i0.wp.com\/pedaleandalucia.com\/wp-content\/uploads\/2025\/01\/Ecija-1.jpg?fit=491%2C655&ssl=1&resize=350%2C200","width":350,"height":200},"classes":[]},{"id":1025,"url":"https:\/\/pedaleandalucia.com\/gb\/fiesta-de-la-bici-de-madrid\/","url_meta":{"origin":854,"position":3},"title":"Fiesta de la Bici de Madrid","author":"asanchba","date":"October 3, 2014","format":false,"excerpt":"Este pr\u00f3ximo domingo 5 de octubre, se celebrar\u00e1 la fiesta de la bici de Madrid, un evento que inundar\u00e1 de gente y bicicletas las calles de la capital. Un d\u00eda antes, como tambi\u00e9n sucede con las campanadas de noche vieja, se organiza la pre-fiesta de la bici, en la que\u2026","rel":"","context":"In &quot;ciclomovilidad&quot;","block_context":{"text":"ciclomovilidad","link":"https:\/\/pedaleandalucia.com\/gb\/category\/ciclomovilidad\/"},"img":{"alt_text":"","src":"","width":0,"height":0},"classes":[]},{"id":2764,"url":"https:\/\/pedaleandalucia.com\/gb\/almeria-destino-ciclista\/","url_meta":{"origin":854,"position":4},"title":"Almer\u00eda destino ciclista","author":"asanchba","date":"January 8, 2025","format":false,"excerpt":"Zona semi\u00e1rida de Almer\u00eda","rel":"","context":"In &quot;Almer\u00eda&quot;","block_context":{"text":"Almer\u00eda","link":"https:\/\/pedaleandalucia.com\/gb\/category\/almeria\/"},"img":{"alt_text":"","src":"https:\/\/i0.wp.com\/pedaleandalucia.com\/wp-content\/uploads\/2025\/01\/Almeria-1-scaled.jpg?fit=1200%2C900&ssl=1&resize=350%2C200","width":350,"height":200,"srcset":"https:\/\/i0.wp.com\/pedaleandalucia.com\/wp-content\/uploads\/2025\/01\/Almeria-1-scaled.jpg?fit=1200%2C900&ssl=1&resize=350%2C200 1x, https:\/\/i0.wp.com\/pedaleandalucia.com\/wp-content\/uploads\/2025\/01\/Almeria-1-scaled.jpg?fit=1200%2C900&ssl=1&resize=525%2C300 1.5x, https:\/\/i0.wp.com\/pedaleandalucia.com\/wp-content\/uploads\/2025\/01\/Almeria-1-scaled.jpg?fit=1200%2C900&ssl=1&resize=700%2C400 2x, https:\/\/i0.wp.com\/pedaleandalucia.com\/wp-content\/uploads\/2025\/01\/Almeria-1-scaled.jpg?fit=1200%2C900&ssl=1&resize=1050%2C600 3x"},"classes":[]},{"id":1016,"url":"https:\/\/pedaleandalucia.com\/gb\/copenhagen-senales-viales\/","url_meta":{"origin":854,"position":5},"title":"Copenhagen Se\u00f1ales Viales","author":"asanchba","date":"September 18, 2014","format":false,"excerpt":"Copenhagen, la ciudad ciclista por antonomasia, solo hay que ver la gran variedad de se\u00f1al\u00e9tica que tienen definida para el mundo ciclista. No s\u00e9 cuantas habr\u00e9is visto vosotros en vuestras ciudades o con qu\u00e9 frecuencia....Yo no muchas, la verdad. Esto que indica el largo camino que nos queda por recorrer,\u2026","rel":"","context":"Similar post","block_context":{"text":"Similar post","link":""},"img":{"alt_text":"","src":"","width":0,"height":0},"classes":[]}],"_links":{"self":[{"href":"https:\/\/pedaleandalucia.com\/gb\/wp-json\/wp\/v2\/posts\/854"}],"collection":[{"href":"https:\/\/pedaleandalucia.com\/gb\/wp-json\/wp\/v2\/posts"}],"about":[{"href":"https:\/\/pedaleandalucia.com\/gb\/wp-json\/wp\/v2\/types\/post"}],"author":[{"embeddable":true,"href":"https:\/\/pedaleandalucia.com\/gb\/wp-json\/wp\/v2\/users\/2"}],"replies":[{"embeddable":true,"href":"https:\/\/pedaleandalucia.com\/gb\/wp-json\/wp\/v2\/comments?post=854"}],"version-history":[{"count":2,"href":"https:\/\/pedaleandalucia.com\/gb\/wp-json\/wp\/v2\/posts\/854\/revisions"}],"predecessor-version":[{"id":857,"href":"https:\/\/pedaleandalucia.com\/gb\/wp-json\/wp\/v2\/posts\/854\/revisions\/857"}],"wp:attachment":[{"href":"https:\/\/pedaleandalucia.com\/gb\/wp-json\/wp\/v2\/media?parent=854"}],"wp:term":[{"taxonomy":"category","embeddable":true,"href":"https:\/\/pedaleandalucia.com\/gb\/wp-json\/wp\/v2\/categories?post=854"},{"taxonomy":"post_tag","embeddable":true,"href":"https:\/\/pedaleandalucia.com\/gb\/wp-json\/wp\/v2\/tags?post=854"}],"curies":[{"name":"wp","href":"https:\/\/api.w.org\/{rel}","templated":true}]}}