{"id":3078,"date":"2026-03-17T18:17:06","date_gmt":"2026-03-17T18:17:06","guid":{"rendered":"https:\/\/pedaleandalucia.com\/?p=3078"},"modified":"2026-03-04T18:26:34","modified_gmt":"2026-03-04T18:26:34","slug":"travesia-btt-de-los-pueblos-blancos-naturaleza-historia-y-autentico-mtb-en-andalucia","status":"publish","type":"post","link":"https:\/\/pedaleandalucia.com\/gb\/travesia-btt-de-los-pueblos-blancos-naturaleza-historia-y-autentico-mtb-en-andalucia\/","title":{"rendered":"Traves\u00eda BTT de los Pueblos Blancos: naturaleza, historia y aut\u00e9ntico MTB en Andaluc\u00eda"},"content":{"rendered":"\n<p>La <strong>Traves\u00eda BTT por los Pueblos Blancos<\/strong> es una de las experiencias m\u00e1s completas de cicloturismo en Andaluc\u00eda. Cuatro d\u00edas de aut\u00e9ntica bicicleta de monta\u00f1a recorriendo un territorio donde la naturaleza y la arquitectura tradicional se combinan de forma \u00fanica.<\/p>\n\n\n\n<p> La ruta atraviesa paisajes de media monta\u00f1a, zonas de alcornocales y caminos exigentes que pondr\u00e1n a prueba tu resistencia. A lo largo del recorrido, los famosos pueblos encalados aparecen como miradores naturales sobre el paisaje, ofreciendo historia, cultura y ese car\u00e1cter andaluz tan reconocible. No es solo una ruta deportiva. Es una experiencia que combina esfuerzo, belleza y autenticidad.<\/p>\n\n\n\n<p> Cada etapa deja huella, tanto por el desaf\u00edo f\u00edsico como por la sensaci\u00f3n de estar pedaleando en uno de los entornos m\u00e1s singulares del sur de Espa\u00f1a. Si buscas una traves\u00eda BTT en Andaluc\u00eda que te exija y al mismo tiempo te regale paisajes inolvidables, esta es tu ruta.<\/p>\n","protected":false},"excerpt":{"rendered":"<p>No es solo pedalear.<br \/>\nEs atravesar monta\u00f1as, llegar a pueblos encalados y sentir que cada etapa cuenta una historia.<\/p>\n<p>La Traves\u00eda BTT Pueblos Blancos es MTB en estado puro<\/p>\n","protected":false},"author":2,"featured_media":3079,"comment_status":"closed","ping_status":"closed","sticky":false,"template":"","format":"standard","meta":{"_coblocks_attr":"","_coblocks_dimensions":"","_coblocks_responsive_height":"","_coblocks_accordion_ie_support":"","_uag_custom_page_level_css":"","jetpack_post_was_ever_published":false,"_jetpack_newsletter_access":"","_jetpack_newsletter_tier_id":0,"footnotes":"","jetpack_publicize_message":"","jetpack_is_tweetstorm":false,"jetpack_publicize_feature_enabled":true,"jetpack_social_post_already_shared":true,"jetpack_social_options":{"image_generator_settings":{"template":"highway","enabled":false}}},"categories":[127,68,126,125,147,128,32,146,157],"tags":[85,83,27,59,26],"translation":{"provider":"WPGlobus","version":"3.0.0","language":"gb","enabled_languages":["es","gb"],"languages":{"es":{"title":true,"content":true,"excerpt":true},"gb":{"title":false,"content":false,"excerpt":false}}},"jetpack_publicize_connections":[],"featured_image_urls":{"full":["https:\/\/i0.wp.com\/pedaleandalucia.com\/wp-content\/uploads\/2026\/03\/Ronda-2.jpg?fit=491%2C655&ssl=1",491,655,false],"thumbnail":["https:\/\/i0.wp.com\/pedaleandalucia.com\/wp-content\/uploads\/2026\/03\/Ronda-2.jpg?resize=150%2C150&ssl=1",150,150,true],"medium":["https:\/\/i0.wp.com\/pedaleandalucia.com\/wp-content\/uploads\/2026\/03\/Ronda-2.jpg?fit=225%2C300&ssl=1",225,300,true],"medium_large":["https:\/\/i0.wp.com\/pedaleandalucia.com\/wp-content\/uploads\/2026\/03\/Ronda-2.jpg?fit=491%2C655&ssl=1",491,655,true],"large":["https:\/\/i0.wp.com\/pedaleandalucia.com\/wp-content\/uploads\/2026\/03\/Ronda-2.jpg?fit=491%2C655&ssl=1",491,655,true],"1536x1536":["https:\/\/i0.wp.com\/pedaleandalucia.com\/wp-content\/uploads\/2026\/03\/Ronda-2.jpg?fit=491%2C655&ssl=1",491,655,true],"2048x2048":["https:\/\/i0.wp.com\/pedaleandalucia.com\/wp-content\/uploads\/2026\/03\/Ronda-2.jpg?fit=491%2C655&ssl=1",491,655,true],"post-thumbnail":["https:\/\/i0.wp.com\/pedaleandalucia.com\/wp-content\/uploads\/2026\/03\/Ronda-2.jpg?fit=491%2C655&ssl=1",491,655,true],"twentytwenty-fullscreen":["https:\/\/i0.wp.com\/pedaleandalucia.com\/wp-content\/uploads\/2026\/03\/Ronda-2.jpg?fit=491%2C655&ssl=1",491,655,true],"pedalea-landscape":["https:\/\/i0.wp.com\/pedaleandalucia.com\/wp-content\/uploads\/2026\/03\/Ronda-2.jpg?resize=491%2C250&ssl=1",491,250,true]},"post_excerpt_stackable":"<p>No es solo pedalear.<br \/>\nEs atravesar monta\u00f1as, llegar a pueblos encalados y sentir que cada etapa cuenta una historia.<\/p>\n<p>La Traves\u00eda BTT Pueblos Blancos es MTB en estado puro<\/p>\n","category_list":"<a href=\"https:\/\/pedaleandalucia.com\/gb\/category\/cadiz\/\" rel=\"category tag\">Cadiz<\/a>, <a href=\"https:\/\/pedaleandalucia.com\/gb\/category\/cicloturismo\/\" rel=\"category tag\">cicloturismo<\/a>, <a href=\"https:\/\/pedaleandalucia.com\/gb\/category\/malaga\/\" rel=\"category tag\">M\u00e1laga<\/a>, <a href=\"https:\/\/pedaleandalucia.com\/gb\/category\/ronda\/\" rel=\"category tag\">ronda<\/a>, <a href=\"https:\/\/pedaleandalucia.com\/gb\/category\/serrania-de-cadiz\/\" rel=\"category tag\">Serran\u00eda de C\u00e1diz<\/a>, <a href=\"https:\/\/pedaleandalucia.com\/gb\/category\/serrania-de-ronda\/\" rel=\"category tag\">serrania de Ronda<\/a>, <a href=\"https:\/\/pedaleandalucia.com\/gb\/category\/travesias-btt\/\" rel=\"category tag\">traves\u00edas btt<\/a>, <a href=\"https:\/\/pedaleandalucia.com\/gb\/category\/ubrique\/\" rel=\"category tag\">ubrique<\/a>, <a href=\"https:\/\/pedaleandalucia.com\/gb\/category\/villaluenga-del-rosario\/\" rel=\"category tag\">villaluenga del Rosario<\/a>","author_info":{"name":"asanchba","url":"https:\/\/pedaleandalucia.com\/gb\/author\/asanchba\/"},"comments_num":"0 comments","featured_image_urls_v2":{"full":["https:\/\/i0.wp.com\/pedaleandalucia.com\/wp-content\/uploads\/2026\/03\/Ronda-2.jpg?fit=491%2C655&ssl=1",491,655,false],"thumbnail":["https:\/\/i0.wp.com\/pedaleandalucia.com\/wp-content\/uploads\/2026\/03\/Ronda-2.jpg?resize=150%2C150&ssl=1",150,150,true],"medium":["https:\/\/i0.wp.com\/pedaleandalucia.com\/wp-content\/uploads\/2026\/03\/Ronda-2.jpg?fit=225%2C300&ssl=1",225,300,true],"medium_large":["https:\/\/i0.wp.com\/pedaleandalucia.com\/wp-content\/uploads\/2026\/03\/Ronda-2.jpg?fit=491%2C655&ssl=1",491,655,true],"large":["https:\/\/i0.wp.com\/pedaleandalucia.com\/wp-content\/uploads\/2026\/03\/Ronda-2.jpg?fit=491%2C655&ssl=1",491,655,true],"1536x1536":["https:\/\/i0.wp.com\/pedaleandalucia.com\/wp-content\/uploads\/2026\/03\/Ronda-2.jpg?fit=491%2C655&ssl=1",491,655,true],"2048x2048":["https:\/\/i0.wp.com\/pedaleandalucia.com\/wp-content\/uploads\/2026\/03\/Ronda-2.jpg?fit=491%2C655&ssl=1",491,655,true],"post-thumbnail":["https:\/\/i0.wp.com\/pedaleandalucia.com\/wp-content\/uploads\/2026\/03\/Ronda-2.jpg?fit=491%2C655&ssl=1",491,655,true],"twentytwenty-fullscreen":["https:\/\/i0.wp.com\/pedaleandalucia.com\/wp-content\/uploads\/2026\/03\/Ronda-2.jpg?fit=491%2C655&ssl=1",491,655,true],"pedalea-landscape":["https:\/\/i0.wp.com\/pedaleandalucia.com\/wp-content\/uploads\/2026\/03\/Ronda-2.jpg?resize=491%2C250&ssl=1",491,250,true]},"post_excerpt_stackable_v2":"<p>No es solo pedalear.<br \/>\nEs atravesar monta\u00f1as, llegar a pueblos encalados y sentir que cada etapa cuenta una historia.<\/p>\n<p>La Traves\u00eda BTT Pueblos Blancos es MTB en estado puro<\/p>\n","category_list_v2":"<a href=\"https:\/\/pedaleandalucia.com\/gb\/category\/cadiz\/\" rel=\"category tag\">Cadiz<\/a>, <a href=\"https:\/\/pedaleandalucia.com\/gb\/category\/cicloturismo\/\" rel=\"category tag\">cicloturismo<\/a>, <a href=\"https:\/\/pedaleandalucia.com\/gb\/category\/malaga\/\" rel=\"category tag\">M\u00e1laga<\/a>, <a href=\"https:\/\/pedaleandalucia.com\/gb\/category\/ronda\/\" rel=\"category tag\">ronda<\/a>, <a href=\"https:\/\/pedaleandalucia.com\/gb\/category\/serrania-de-cadiz\/\" rel=\"category tag\">Serran\u00eda de C\u00e1diz<\/a>, <a href=\"https:\/\/pedaleandalucia.com\/gb\/category\/serrania-de-ronda\/\" rel=\"category tag\">serrania de Ronda<\/a>, <a href=\"https:\/\/pedaleandalucia.com\/gb\/category\/travesias-btt\/\" rel=\"category tag\">traves\u00edas btt<\/a>, <a href=\"https:\/\/pedaleandalucia.com\/gb\/category\/ubrique\/\" rel=\"category tag\">ubrique<\/a>, <a href=\"https:\/\/pedaleandalucia.com\/gb\/category\/villaluenga-del-rosario\/\" rel=\"category tag\">villaluenga del Rosario<\/a>","author_info_v2":{"name":"asanchba","url":"https:\/\/pedaleandalucia.com\/gb\/author\/asanchba\/"},"comments_num_v2":"0 comments","jetpack_featured_media_url":"https:\/\/i0.wp.com\/pedaleandalucia.com\/wp-content\/uploads\/2026\/03\/Ronda-2.jpg?fit=491%2C655&ssl=1","uagb_featured_image_src":{"full":["https:\/\/i0.wp.com\/pedaleandalucia.com\/wp-content\/uploads\/2026\/03\/Ronda-2.jpg?fit=491%2C655&ssl=1",491,655,false],"thumbnail":["https:\/\/i0.wp.com\/pedaleandalucia.com\/wp-content\/uploads\/2026\/03\/Ronda-2.jpg?resize=150%2C150&ssl=1",150,150,true],"medium":["https:\/\/i0.wp.com\/pedaleandalucia.com\/wp-content\/uploads\/2026\/03\/Ronda-2.jpg?fit=225%2C300&ssl=1",225,300,true],"medium_large":["https:\/\/i0.wp.com\/pedaleandalucia.com\/wp-content\/uploads\/2026\/03\/Ronda-2.jpg?fit=491%2C655&ssl=1",491,655,true],"large":["https:\/\/i0.wp.com\/pedaleandalucia.com\/wp-content\/uploads\/2026\/03\/Ronda-2.jpg?fit=491%2C655&ssl=1",491,655,true],"1536x1536":["https:\/\/i0.wp.com\/pedaleandalucia.com\/wp-content\/uploads\/2026\/03\/Ronda-2.jpg?fit=491%2C655&ssl=1",491,655,true],"2048x2048":["https:\/\/i0.wp.com\/pedaleandalucia.com\/wp-content\/uploads\/2026\/03\/Ronda-2.jpg?fit=491%2C655&ssl=1",491,655,true],"post-thumbnail":["https:\/\/i0.wp.com\/pedaleandalucia.com\/wp-content\/uploads\/2026\/03\/Ronda-2.jpg?fit=491%2C655&ssl=1",491,655,true],"twentytwenty-fullscreen":["https:\/\/i0.wp.com\/pedaleandalucia.com\/wp-content\/uploads\/2026\/03\/Ronda-2.jpg?fit=491%2C655&ssl=1",491,655,true],"pedalea-landscape":["https:\/\/i0.wp.com\/pedaleandalucia.com\/wp-content\/uploads\/2026\/03\/Ronda-2.jpg?resize=491%2C250&ssl=1",491,250,true]},"uagb_author_info":{"display_name":"asanchba","author_link":"https:\/\/pedaleandalucia.com\/gb\/author\/asanchba\/"},"uagb_comment_info":0,"uagb_excerpt":"No es solo pedalear. Es atravesar monta\u00f1as, llegar a pueblos encalados y sentir que cada etapa cuenta una historia. La Traves\u00eda BTT Pueblos Blancos es MTB en estado puro","jetpack_sharing_enabled":true,"jetpack_shortlink":"https:\/\/wp.me\/p2Lg6v-NE","jetpack-related-posts":[{"id":3061,"url":"https:\/\/pedaleandalucia.com\/gb\/no-todo-es-pedalear\/","url_meta":{"origin":3078,"position":0},"title":"No todo es pedalear","author":"asanchba","date":"February 26, 2026","format":false,"excerpt":"Moverse a otro ritmo nos permite conectar m\u00e1s profundamente con el entorno y prestar atenci\u00f3n a los detalles que hacen especial cada lugar. Desc\u00fabrelo en nuestras traves\u00edas y vive el viaje m\u00e1s all\u00e1 de los kil\u00f3metros. #MTBAndalucia #cicloturismo #Andalucia365cycling","rel":"","context":"In &quot;Almer\u00eda&quot;","block_context":{"text":"Almer\u00eda","link":"https:\/\/pedaleandalucia.com\/gb\/category\/almeria\/"},"img":{"alt_text":"Ruta cicloturista Cordoba - Sevilla","src":"https:\/\/i0.wp.com\/pedaleandalucia.com\/wp-content\/uploads\/2026\/02\/Ecija-1.jpg?fit=491%2C655&ssl=1&resize=350%2C200","width":350,"height":200},"classes":[]},{"id":3051,"url":"https:\/\/pedaleandalucia.com\/gb\/sierra-de-grazalema\/","url_meta":{"origin":3078,"position":1},"title":"Sierra de Grazalema","author":"asanchba","date":"February 23, 2026","format":false,"excerpt":"Tras las intensas lluvias, Grazalema vuelve a brillar ???? La naturaleza renace y el paisaje promete estar m\u00e1s espectacular que nunca durante los pr\u00f3ximos meses. Con la Traves\u00eda BTT de los Pueblos Blancos recorrer\u00e1s los parques naturales de Grazalema y Los Alcornocales en todo su esplendor. Ven a descubrirlo sobre\u2026","rel":"","context":"In &quot;Cadiz&quot;","block_context":{"text":"Cadiz","link":"https:\/\/pedaleandalucia.com\/gb\/category\/cadiz\/"},"img":{"alt_text":"BTT por Grazalema","src":"https:\/\/i0.wp.com\/pedaleandalucia.com\/wp-content\/uploads\/2026\/02\/Alcornocales-1-e1771588434791.jpg?fit=886%2C400&ssl=1&resize=350%2C200","width":350,"height":200,"srcset":"https:\/\/i0.wp.com\/pedaleandalucia.com\/wp-content\/uploads\/2026\/02\/Alcornocales-1-e1771588434791.jpg?fit=886%2C400&ssl=1&resize=350%2C200 1x, https:\/\/i0.wp.com\/pedaleandalucia.com\/wp-content\/uploads\/2026\/02\/Alcornocales-1-e1771588434791.jpg?fit=886%2C400&ssl=1&resize=525%2C300 1.5x, https:\/\/i0.wp.com\/pedaleandalucia.com\/wp-content\/uploads\/2026\/02\/Alcornocales-1-e1771588434791.jpg?fit=886%2C400&ssl=1&resize=700%2C400 2x"},"classes":[]},{"id":3054,"url":"https:\/\/pedaleandalucia.com\/gb\/cicloturismo-viajar-a-otro-ritmo\/","url_meta":{"origin":3078,"position":2},"title":"Cicloturismo: viajar a otro ritmo.","author":"asanchba","date":"February 24, 2026","format":false,"excerpt":"En Pedalea Andaluc\u00eda no solo dise\u00f1amos viajes en bicicleta. Creamos experiencias que se viven intensamente y se recuerdan para siempre. Porque no se trata solo de recorrer kil\u00f3metros. Se trata de vivirlos. #Andalucia365cycling #mtbandalucia #gravelandalucia #cicloturismo","rel":"","context":"In &quot;Almer\u00eda&quot;","block_context":{"text":"Almer\u00eda","link":"https:\/\/pedaleandalucia.com\/gb\/category\/almeria\/"},"img":{"alt_text":"","src":"https:\/\/i0.wp.com\/pedaleandalucia.com\/wp-content\/uploads\/2026\/02\/Barcas-del-Cabo-de-Gata-2.jpg?fit=491%2C655&ssl=1&resize=350%2C200","width":350,"height":200},"classes":[]},{"id":3058,"url":"https:\/\/pedaleandalucia.com\/gb\/cazorla-punto-de-inicio-de-4-dias-de-mtb\/","url_meta":{"origin":3078,"position":3},"title":"Cazorla, punto de inicio de 4 d\u00edas de MTB","author":"asanchba","date":"February 25, 2026","format":false,"excerpt":"Cuatro d\u00edas pedaleando por el Parque Natural Sierra de Cazorla, Segura y las Villas ????\u200d\u2642\ufe0f???? Desde Cazorla, te adentras en el mayor espacio protegido de Espa\u00f1a para vivir una aut\u00e9ntica inmersi\u00f3n en la naturaleza. Bosques infinitos, silencio y paisajes que impresionan a cada pedalada. \u00bfTe atreves a descubrirlo? #SierraDeCazorla #MTBAndaluc\u00eda\u2026","rel":"","context":"In &quot;Cazorla&quot;","block_context":{"text":"Cazorla","link":"https:\/\/pedaleandalucia.com\/gb\/category\/cazorla\/"},"img":{"alt_text":"Ruta BTT Cazorla","src":"https:\/\/i0.wp.com\/pedaleandalucia.com\/wp-content\/uploads\/2026\/02\/Cazorla-4-e1771590633484.jpg?fit=450%2C338&ssl=1&resize=350%2C200","width":350,"height":200},"classes":[]},{"id":871,"url":"https:\/\/pedaleandalucia.com\/gb\/primer-video-de-la-travesia-del-cabo-de-gata-en-btt\/","url_meta":{"origin":3078,"position":4},"title":"Primer v\u00eddeo de la Traves\u00eda del Cabo de Gata en BTT","author":"asanchba","date":"March 31, 2014","format":false,"excerpt":"En este primer v\u00eddeo os mostramos parte de la primera etapa. Se trata del tramo comprendido entre el faro del Cabo de Gata y la playa de los Genoveses, pasando por la famosa playa de Mos\u00fal, donde se rodaron varias escenas de la pel\u00edcula Indiana Jones y la \u00faltima cruzada.\u2026","rel":"","context":"In \"bici de monta\u00f1a\"","block_context":{"text":"bici de monta\u00f1a","link":"https:\/\/pedaleandalucia.com\/gb\/tag\/bici-de-montana\/"},"img":{"alt_text":"","src":"https:\/\/i0.wp.com\/pedaleandalucia.com\/wp-content\/uploads\/2014\/03\/2014-03-27-14.53.29.jpg?fit=1200%2C900&ssl=1&resize=350%2C200","width":350,"height":200,"srcset":"https:\/\/i0.wp.com\/pedaleandalucia.com\/wp-content\/uploads\/2014\/03\/2014-03-27-14.53.29.jpg?fit=1200%2C900&ssl=1&resize=350%2C200 1x, https:\/\/i0.wp.com\/pedaleandalucia.com\/wp-content\/uploads\/2014\/03\/2014-03-27-14.53.29.jpg?fit=1200%2C900&ssl=1&resize=525%2C300 1.5x, https:\/\/i0.wp.com\/pedaleandalucia.com\/wp-content\/uploads\/2014\/03\/2014-03-27-14.53.29.jpg?fit=1200%2C900&ssl=1&resize=700%2C400 2x, https:\/\/i0.wp.com\/pedaleandalucia.com\/wp-content\/uploads\/2014\/03\/2014-03-27-14.53.29.jpg?fit=1200%2C900&ssl=1&resize=1050%2C600 3x"},"classes":[]},{"id":841,"url":"https:\/\/pedaleandalucia.com\/gb\/comienza-la-temporada-2014-reconocimiento-de-la-4o-etapa-de-la-transcazorla\/","url_meta":{"origin":3078,"position":5},"title":"Comienza la temporada 2014. Reconocimiento de la 4\u00ba Etapa de la TransCazorla","author":"asanchba","date":"March 4, 2014","format":false,"excerpt":"La temporada empieza, romero y almendros en flor, signo claro de que la primavera est\u00e1 entrando y la excusa perfecta para empezar a evaluar el estado de los caminos despu\u00e9s de un invierno bastante\u00a0lluvioso. Con esta idea salimos el pasado viernes para recorrer el trazado de la \u00faltima etapa de\u2026","rel":"","context":"In &quot;rutas btt&quot;","block_context":{"text":"rutas btt","link":"https:\/\/pedaleandalucia.com\/gb\/category\/rutas-btt\/"},"img":{"alt_text":"","src":"https:\/\/i0.wp.com\/pedaleandalucia.com\/wp-content\/uploads\/2014\/03\/2014-02-28-15.00.04.jpg?fit=1200%2C900&ssl=1&resize=350%2C200","width":350,"height":200,"srcset":"https:\/\/i0.wp.com\/pedaleandalucia.com\/wp-content\/uploads\/2014\/03\/2014-02-28-15.00.04.jpg?fit=1200%2C900&ssl=1&resize=350%2C200 1x, https:\/\/i0.wp.com\/pedaleandalucia.com\/wp-content\/uploads\/2014\/03\/2014-02-28-15.00.04.jpg?fit=1200%2C900&ssl=1&resize=525%2C300 1.5x, https:\/\/i0.wp.com\/pedaleandalucia.com\/wp-content\/uploads\/2014\/03\/2014-02-28-15.00.04.jpg?fit=1200%2C900&ssl=1&resize=700%2C400 2x, https:\/\/i0.wp.com\/pedaleandalucia.com\/wp-content\/uploads\/2014\/03\/2014-02-28-15.00.04.jpg?fit=1200%2C900&ssl=1&resize=1050%2C600 3x"},"classes":[]}],"_links":{"self":[{"href":"https:\/\/pedaleandalucia.com\/gb\/wp-json\/wp\/v2\/posts\/3078"}],"collection":[{"href":"https:\/\/pedaleandalucia.com\/gb\/wp-json\/wp\/v2\/posts"}],"about":[{"href":"https:\/\/pedaleandalucia.com\/gb\/wp-json\/wp\/v2\/types\/post"}],"author":[{"embeddable":true,"href":"https:\/\/pedaleandalucia.com\/gb\/wp-json\/wp\/v2\/users\/2"}],"replies":[{"embeddable":true,"href":"https:\/\/pedaleandalucia.com\/gb\/wp-json\/wp\/v2\/comments?post=3078"}],"version-history":[{"count":1,"href":"https:\/\/pedaleandalucia.com\/gb\/wp-json\/wp\/v2\/posts\/3078\/revisions"}],"predecessor-version":[{"id":3080,"href":"https:\/\/pedaleandalucia.com\/gb\/wp-json\/wp\/v2\/posts\/3078\/revisions\/3080"}],"wp:featuredmedia":[{"embeddable":true,"href":"https:\/\/pedaleandalucia.com\/gb\/wp-json\/wp\/v2\/media\/3079"}],"wp:attachment":[{"href":"https:\/\/pedaleandalucia.com\/gb\/wp-json\/wp\/v2\/media?parent=3078"}],"wp:term":[{"taxonomy":"category","embeddable":true,"href":"https:\/\/pedaleandalucia.com\/gb\/wp-json\/wp\/v2\/categories?post=3078"},{"taxonomy":"post_tag","embeddable":true,"href":"https:\/\/pedaleandalucia.com\/gb\/wp-json\/wp\/v2\/tags?post=3078"}],"curies":[{"name":"wp","href":"https:\/\/api.w.org\/{rel}","templated":true}]}}