{"id":2980,"date":"2025-12-30T17:54:00","date_gmt":"2025-12-30T17:54:00","guid":{"rendered":"https:\/\/pedaleandalucia.com\/?p=2980"},"modified":"2025-12-23T13:08:29","modified_gmt":"2025-12-23T13:08:29","slug":"un-ano-de-muchos-kms-recorridos-y-los-que-vendran","status":"publish","type":"post","link":"https:\/\/pedaleandalucia.com\/gb\/un-ano-de-muchos-kms-recorridos-y-los-que-vendran\/","title":{"rendered":"Un a\u00f1o de muchos kms recorridos&#8230; Y los que vendr\u00e1n !"},"content":{"rendered":"\n<p>Ahora que llegamos al final de este 2025, queremos agradecer desde Pedalea Andaluc\u00eda a todos aquellos ciclistas que han disfrutado y compartido los paisajes, aventuras y experiencias diferentes de nuestras traves\u00edas. Todos ellos nos motivan para ofrecer mejores servicios y recorridos que esperamos pod\u00e1is disfrutar a lo largo del pr\u00f3ximo a\u00f1o. <\/p>\n\n\n\n<p>Os esperamos para pedalear por Andaluc\u00eda.<\/p>\n\n\n\n<figure class=\"wp-block-image size-large\"><a href=\"https:\/\/i0.wp.com\/pedaleandalucia.com\/wp-content\/uploads\/2025\/12\/ChatGPT-Image-23-dic-2025-13_46_11.png?ssl=1\"><img loading=\"lazy\" decoding=\"async\" width=\"580\" height=\"387\" data-attachment-id=\"2981\" data-permalink=\"https:\/\/pedaleandalucia.com\/gb\/un-ano-de-muchos-kms-recorridos-y-los-que-vendran\/chatgpt-image-23-dic-2025-13_46_11\/\" data-orig-file=\"https:\/\/i0.wp.com\/pedaleandalucia.com\/wp-content\/uploads\/2025\/12\/ChatGPT-Image-23-dic-2025-13_46_11.png?fit=1536%2C1024&amp;ssl=1\" data-orig-size=\"1536,1024\" data-comments-opened=\"0\" data-image-meta=\"{&quot;aperture&quot;:&quot;0&quot;,&quot;credit&quot;:&quot;&quot;,&quot;camera&quot;:&quot;&quot;,&quot;caption&quot;:&quot;&quot;,&quot;created_timestamp&quot;:&quot;0&quot;,&quot;copyright&quot;:&quot;&quot;,&quot;focal_length&quot;:&quot;0&quot;,&quot;iso&quot;:&quot;0&quot;,&quot;shutter_speed&quot;:&quot;0&quot;,&quot;title&quot;:&quot;&quot;,&quot;orientation&quot;:&quot;0&quot;}\" data-image-title=\"23-dic-2025-13_46_11\" data-image-description=\"\" data-image-caption=\"\" data-medium-file=\"https:\/\/i0.wp.com\/pedaleandalucia.com\/wp-content\/uploads\/2025\/12\/ChatGPT-Image-23-dic-2025-13_46_11.png?fit=300%2C200&amp;ssl=1\" data-large-file=\"https:\/\/i0.wp.com\/pedaleandalucia.com\/wp-content\/uploads\/2025\/12\/ChatGPT-Image-23-dic-2025-13_46_11.png?fit=580%2C387&amp;ssl=1\" src=\"https:\/\/i0.wp.com\/pedaleandalucia.com\/wp-content\/uploads\/2025\/12\/ChatGPT-Image-23-dic-2025-13_46_11.png?resize=580%2C387&#038;ssl=1\" alt=\"\" class=\"wp-image-2981\" srcset=\"https:\/\/i0.wp.com\/pedaleandalucia.com\/wp-content\/uploads\/2025\/12\/ChatGPT-Image-23-dic-2025-13_46_11.png?resize=1024%2C683&amp;ssl=1 1024w, https:\/\/i0.wp.com\/pedaleandalucia.com\/wp-content\/uploads\/2025\/12\/ChatGPT-Image-23-dic-2025-13_46_11.png?resize=300%2C200&amp;ssl=1 300w, https:\/\/i0.wp.com\/pedaleandalucia.com\/wp-content\/uploads\/2025\/12\/ChatGPT-Image-23-dic-2025-13_46_11.png?resize=768%2C512&amp;ssl=1 768w, https:\/\/i0.wp.com\/pedaleandalucia.com\/wp-content\/uploads\/2025\/12\/ChatGPT-Image-23-dic-2025-13_46_11.png?resize=1200%2C800&amp;ssl=1 1200w, https:\/\/i0.wp.com\/pedaleandalucia.com\/wp-content\/uploads\/2025\/12\/ChatGPT-Image-23-dic-2025-13_46_11.png?w=1536&amp;ssl=1 1536w\" sizes=\"(max-width: 580px) 100vw, 580px\" data-recalc-dims=\"1\" \/><\/a><\/figure>\n","protected":false},"excerpt":{"rendered":"<p>2026: NUEVOS RETOS, MISMA PASI\u00d3N<\/p>\n","protected":false},"author":2,"featured_media":2981,"comment_status":"closed","ping_status":"closed","sticky":false,"template":"","format":"standard","meta":{"_coblocks_attr":"","_coblocks_dimensions":"","_coblocks_responsive_height":"","_coblocks_accordion_ie_support":"","_uag_custom_page_level_css":"","jetpack_post_was_ever_published":false,"_jetpack_newsletter_access":"","_jetpack_newsletter_tier_id":0,"footnotes":"","jetpack_publicize_message":"","jetpack_is_tweetstorm":false,"jetpack_publicize_feature_enabled":true,"jetpack_social_post_already_shared":true,"jetpack_social_options":{"image_generator_settings":{"template":"highway","enabled":false}}},"categories":[140,141,51,127,120,39,72,34,68,42,131,92,159,64,132,91,52,142,156,139,126,133,162,137,58,97,125,33,19,88,138,147,128,121,145,158,163,86,87,31,32,146,157],"tags":[85,38,83,27,59,30,37],"translation":{"provider":"WPGlobus","version":"3.0.0","language":"gb","enabled_languages":["es","gb"],"languages":{"es":{"title":true,"content":true,"excerpt":true},"gb":{"title":false,"content":false,"excerpt":false}}},"jetpack_publicize_connections":[],"featured_image_urls":{"full":["https:\/\/i0.wp.com\/pedaleandalucia.com\/wp-content\/uploads\/2025\/12\/ChatGPT-Image-23-dic-2025-13_46_11.png?fit=1536%2C1024&ssl=1",1536,1024,false],"thumbnail":["https:\/\/i0.wp.com\/pedaleandalucia.com\/wp-content\/uploads\/2025\/12\/ChatGPT-Image-23-dic-2025-13_46_11.png?resize=150%2C150&ssl=1",150,150,true],"medium":["https:\/\/i0.wp.com\/pedaleandalucia.com\/wp-content\/uploads\/2025\/12\/ChatGPT-Image-23-dic-2025-13_46_11.png?fit=300%2C200&ssl=1",300,200,true],"medium_large":["https:\/\/i0.wp.com\/pedaleandalucia.com\/wp-content\/uploads\/2025\/12\/ChatGPT-Image-23-dic-2025-13_46_11.png?fit=580%2C387&ssl=1",580,387,true],"large":["https:\/\/i0.wp.com\/pedaleandalucia.com\/wp-content\/uploads\/2025\/12\/ChatGPT-Image-23-dic-2025-13_46_11.png?fit=580%2C387&ssl=1",580,387,true],"1536x1536":["https:\/\/i0.wp.com\/pedaleandalucia.com\/wp-content\/uploads\/2025\/12\/ChatGPT-Image-23-dic-2025-13_46_11.png?fit=1536%2C1024&ssl=1",1536,1024,true],"2048x2048":["https:\/\/i0.wp.com\/pedaleandalucia.com\/wp-content\/uploads\/2025\/12\/ChatGPT-Image-23-dic-2025-13_46_11.png?fit=1536%2C1024&ssl=1",1536,1024,true],"post-thumbnail":["https:\/\/i0.wp.com\/pedaleandalucia.com\/wp-content\/uploads\/2025\/12\/ChatGPT-Image-23-dic-2025-13_46_11.png?fit=1200%2C800&ssl=1",1200,800,true],"twentytwenty-fullscreen":["https:\/\/i0.wp.com\/pedaleandalucia.com\/wp-content\/uploads\/2025\/12\/ChatGPT-Image-23-dic-2025-13_46_11.png?fit=1536%2C1024&ssl=1",1536,1024,true],"pedalea-landscape":["https:\/\/i0.wp.com\/pedaleandalucia.com\/wp-content\/uploads\/2025\/12\/ChatGPT-Image-23-dic-2025-13_46_11.png?resize=500%2C250&ssl=1",500,250,true]},"post_excerpt_stackable":"<p>2026: NUEVOS RETOS, MISMA PASI\u00d3N<\/p>\n","category_list":"<a href=\"https:\/\/pedaleandalucia.com\/gb\/category\/agua-amarga\/\" rel=\"category tag\">Agua Amarga<\/a>, <a href=\"https:\/\/pedaleandalucia.com\/gb\/category\/almeria\/\" rel=\"category tag\">Almer\u00eda<\/a>, <a href=\"https:\/\/pedaleandalucia.com\/gb\/category\/cabo-de-gata-2\/\" rel=\"category tag\">Cabo de Gata<\/a>, <a href=\"https:\/\/pedaleandalucia.com\/gb\/category\/cadiz\/\" rel=\"category tag\">Cadiz<\/a>, <a href=\"https:\/\/pedaleandalucia.com\/gb\/category\/carmona\/\" rel=\"category tag\">Carmona<\/a>, <a href=\"https:\/\/pedaleandalucia.com\/gb\/category\/cazorla\/\" rel=\"category tag\">Cazorla<\/a>, <a href=\"https:\/\/pedaleandalucia.com\/gb\/category\/ciclismo-de-carretera\/\" rel=\"category tag\">ciclismo de carretera<\/a>, <a href=\"https:\/\/pedaleandalucia.com\/gb\/category\/ciclomovilidad\/\" rel=\"category tag\">ciclomovilidad<\/a>, <a href=\"https:\/\/pedaleandalucia.com\/gb\/category\/cicloturismo\/\" rel=\"category tag\">cicloturismo<\/a>, <a href=\"https:\/\/pedaleandalucia.com\/gb\/category\/cicloviajes\/\" rel=\"category tag\">cicloviajes<\/a>, <a href=\"https:\/\/pedaleandalucia.com\/gb\/category\/cordoba-2\/\" rel=\"category tag\">cordoba<\/a>, <a href=\"https:\/\/pedaleandalucia.com\/gb\/category\/cordoba\/\" rel=\"category tag\">C\u00f3rdoba<\/a>, <a href=\"https:\/\/pedaleandalucia.com\/gb\/category\/desierto-de-tabernas\/\" rel=\"category tag\">Desierto de Tabernas<\/a>, <a href=\"https:\/\/pedaleandalucia.com\/gb\/category\/ebike\/\" rel=\"category tag\">ebike<\/a>, <a href=\"https:\/\/pedaleandalucia.com\/gb\/category\/ecija\/\" rel=\"category tag\">ecija<\/a>, <a href=\"https:\/\/pedaleandalucia.com\/gb\/category\/enduro\/\" rel=\"category tag\">enduro<\/a>, <a href=\"https:\/\/pedaleandalucia.com\/gb\/category\/fat-bikes\/\" rel=\"category tag\">FAT BIKES<\/a>, <a href=\"https:\/\/pedaleandalucia.com\/gb\/category\/gravel\/\" rel=\"category tag\">gravel<\/a>, <a href=\"https:\/\/pedaleandalucia.com\/gb\/category\/la-iruela\/\" rel=\"category tag\">la iruela<\/a>, <a href=\"https:\/\/pedaleandalucia.com\/gb\/category\/las-negras\/\" rel=\"category tag\">Las Negras<\/a>, <a href=\"https:\/\/pedaleandalucia.com\/gb\/category\/malaga\/\" rel=\"category tag\">M\u00e1laga<\/a>, <a href=\"https:\/\/pedaleandalucia.com\/gb\/category\/marchena\/\" rel=\"category tag\">marchena<\/a>, <a href=\"https:\/\/pedaleandalucia.com\/gb\/category\/parquedelestrecho\/\" rel=\"category tag\">parquedelestrecho<\/a>, <a href=\"https:\/\/pedaleandalucia.com\/gb\/category\/playa-de-los-genoveses\/\" rel=\"category tag\">Playa de los Genoveses<\/a>, <a href=\"https:\/\/pedaleandalucia.com\/gb\/category\/pueblos-blancos\/\" rel=\"category tag\">Pueblos Blancos<\/a>, <a href=\"https:\/\/pedaleandalucia.com\/gb\/category\/quesada\/\" rel=\"category tag\">Quesada<\/a>, <a href=\"https:\/\/pedaleandalucia.com\/gb\/category\/ronda\/\" rel=\"category tag\">ronda<\/a>, <a href=\"https:\/\/pedaleandalucia.com\/gb\/category\/rutas-btt\/\" rel=\"category tag\">rutas btt<\/a>, <a href=\"https:\/\/pedaleandalucia.com\/gb\/category\/rutas-nuevas\/\" rel=\"category tag\">Rutas nuevas<\/a>, <a href=\"https:\/\/pedaleandalucia.com\/gb\/category\/sacacorchos\/\" rel=\"category tag\">Sacacorchos<\/a>, <a href=\"https:\/\/pedaleandalucia.com\/gb\/category\/san-jose\/\" rel=\"category tag\">San Jos\u00e9<\/a>, <a href=\"https:\/\/pedaleandalucia.com\/gb\/category\/serrania-de-cadiz\/\" rel=\"category tag\">Serran\u00eda de C\u00e1diz<\/a>, <a href=\"https:\/\/pedaleandalucia.com\/gb\/category\/serrania-de-ronda\/\" rel=\"category tag\">serrania de Ronda<\/a>, <a href=\"https:\/\/pedaleandalucia.com\/gb\/category\/sevilla\/\" rel=\"category tag\">Sevilla<\/a>, <a href=\"https:\/\/pedaleandalucia.com\/gb\/category\/sierra-de-segura\/\" rel=\"category tag\">Sierra de Segura<\/a>, <a href=\"https:\/\/pedaleandalucia.com\/gb\/category\/tabernas\/\" rel=\"category tag\">Tabernas<\/a>, <a href=\"https:\/\/pedaleandalucia.com\/gb\/category\/tarifa\/\" rel=\"category tag\">tarifa<\/a>, <a href=\"https:\/\/pedaleandalucia.com\/gb\/category\/transcazorla-mtb\/\" rel=\"category tag\">Transcazorla MTB<\/a>, <a href=\"https:\/\/pedaleandalucia.com\/gb\/category\/transcazorla-road\/\" rel=\"category tag\">Transcazorla ROAD<\/a>, <a href=\"https:\/\/pedaleandalucia.com\/gb\/category\/travesia-btt\/\" rel=\"category tag\">traves\u00eda btt<\/a>, <a href=\"https:\/\/pedaleandalucia.com\/gb\/category\/travesias-btt\/\" rel=\"category tag\">traves\u00edas btt<\/a>, <a href=\"https:\/\/pedaleandalucia.com\/gb\/category\/ubrique\/\" rel=\"category tag\">ubrique<\/a>, <a href=\"https:\/\/pedaleandalucia.com\/gb\/category\/villaluenga-del-rosario\/\" rel=\"category tag\">villaluenga del Rosario<\/a>","author_info":{"name":"asanchba","url":"https:\/\/pedaleandalucia.com\/gb\/author\/asanchba\/"},"comments_num":"0 comments","featured_image_urls_v2":{"full":["https:\/\/i0.wp.com\/pedaleandalucia.com\/wp-content\/uploads\/2025\/12\/ChatGPT-Image-23-dic-2025-13_46_11.png?fit=1536%2C1024&ssl=1",1536,1024,false],"thumbnail":["https:\/\/i0.wp.com\/pedaleandalucia.com\/wp-content\/uploads\/2025\/12\/ChatGPT-Image-23-dic-2025-13_46_11.png?resize=150%2C150&ssl=1",150,150,true],"medium":["https:\/\/i0.wp.com\/pedaleandalucia.com\/wp-content\/uploads\/2025\/12\/ChatGPT-Image-23-dic-2025-13_46_11.png?fit=300%2C200&ssl=1",300,200,true],"medium_large":["https:\/\/i0.wp.com\/pedaleandalucia.com\/wp-content\/uploads\/2025\/12\/ChatGPT-Image-23-dic-2025-13_46_11.png?fit=580%2C387&ssl=1",580,387,true],"large":["https:\/\/i0.wp.com\/pedaleandalucia.com\/wp-content\/uploads\/2025\/12\/ChatGPT-Image-23-dic-2025-13_46_11.png?fit=580%2C387&ssl=1",580,387,true],"1536x1536":["https:\/\/i0.wp.com\/pedaleandalucia.com\/wp-content\/uploads\/2025\/12\/ChatGPT-Image-23-dic-2025-13_46_11.png?fit=1536%2C1024&ssl=1",1536,1024,true],"2048x2048":["https:\/\/i0.wp.com\/pedaleandalucia.com\/wp-content\/uploads\/2025\/12\/ChatGPT-Image-23-dic-2025-13_46_11.png?fit=1536%2C1024&ssl=1",1536,1024,true],"post-thumbnail":["https:\/\/i0.wp.com\/pedaleandalucia.com\/wp-content\/uploads\/2025\/12\/ChatGPT-Image-23-dic-2025-13_46_11.png?fit=1200%2C800&ssl=1",1200,800,true],"twentytwenty-fullscreen":["https:\/\/i0.wp.com\/pedaleandalucia.com\/wp-content\/uploads\/2025\/12\/ChatGPT-Image-23-dic-2025-13_46_11.png?fit=1536%2C1024&ssl=1",1536,1024,true],"pedalea-landscape":["https:\/\/i0.wp.com\/pedaleandalucia.com\/wp-content\/uploads\/2025\/12\/ChatGPT-Image-23-dic-2025-13_46_11.png?resize=500%2C250&ssl=1",500,250,true]},"post_excerpt_stackable_v2":"<p>2026: NUEVOS RETOS, MISMA PASI\u00d3N<\/p>\n","category_list_v2":"<a href=\"https:\/\/pedaleandalucia.com\/gb\/category\/agua-amarga\/\" rel=\"category tag\">Agua Amarga<\/a>, <a href=\"https:\/\/pedaleandalucia.com\/gb\/category\/almeria\/\" rel=\"category tag\">Almer\u00eda<\/a>, <a href=\"https:\/\/pedaleandalucia.com\/gb\/category\/cabo-de-gata-2\/\" rel=\"category tag\">Cabo de Gata<\/a>, <a href=\"https:\/\/pedaleandalucia.com\/gb\/category\/cadiz\/\" rel=\"category tag\">Cadiz<\/a>, <a href=\"https:\/\/pedaleandalucia.com\/gb\/category\/carmona\/\" rel=\"category tag\">Carmona<\/a>, <a href=\"https:\/\/pedaleandalucia.com\/gb\/category\/cazorla\/\" rel=\"category tag\">Cazorla<\/a>, <a href=\"https:\/\/pedaleandalucia.com\/gb\/category\/ciclismo-de-carretera\/\" rel=\"category tag\">ciclismo de carretera<\/a>, <a href=\"https:\/\/pedaleandalucia.com\/gb\/category\/ciclomovilidad\/\" rel=\"category tag\">ciclomovilidad<\/a>, <a href=\"https:\/\/pedaleandalucia.com\/gb\/category\/cicloturismo\/\" rel=\"category tag\">cicloturismo<\/a>, <a href=\"https:\/\/pedaleandalucia.com\/gb\/category\/cicloviajes\/\" rel=\"category tag\">cicloviajes<\/a>, <a href=\"https:\/\/pedaleandalucia.com\/gb\/category\/cordoba-2\/\" rel=\"category tag\">cordoba<\/a>, <a href=\"https:\/\/pedaleandalucia.com\/gb\/category\/cordoba\/\" rel=\"category tag\">C\u00f3rdoba<\/a>, <a href=\"https:\/\/pedaleandalucia.com\/gb\/category\/desierto-de-tabernas\/\" rel=\"category tag\">Desierto de Tabernas<\/a>, <a href=\"https:\/\/pedaleandalucia.com\/gb\/category\/ebike\/\" rel=\"category tag\">ebike<\/a>, <a href=\"https:\/\/pedaleandalucia.com\/gb\/category\/ecija\/\" rel=\"category tag\">ecija<\/a>, <a href=\"https:\/\/pedaleandalucia.com\/gb\/category\/enduro\/\" rel=\"category tag\">enduro<\/a>, <a href=\"https:\/\/pedaleandalucia.com\/gb\/category\/fat-bikes\/\" rel=\"category tag\">FAT BIKES<\/a>, <a href=\"https:\/\/pedaleandalucia.com\/gb\/category\/gravel\/\" rel=\"category tag\">gravel<\/a>, <a href=\"https:\/\/pedaleandalucia.com\/gb\/category\/la-iruela\/\" rel=\"category tag\">la iruela<\/a>, <a href=\"https:\/\/pedaleandalucia.com\/gb\/category\/las-negras\/\" rel=\"category tag\">Las Negras<\/a>, <a href=\"https:\/\/pedaleandalucia.com\/gb\/category\/malaga\/\" rel=\"category tag\">M\u00e1laga<\/a>, <a href=\"https:\/\/pedaleandalucia.com\/gb\/category\/marchena\/\" rel=\"category tag\">marchena<\/a>, <a href=\"https:\/\/pedaleandalucia.com\/gb\/category\/parquedelestrecho\/\" rel=\"category tag\">parquedelestrecho<\/a>, <a href=\"https:\/\/pedaleandalucia.com\/gb\/category\/playa-de-los-genoveses\/\" rel=\"category tag\">Playa de los Genoveses<\/a>, <a href=\"https:\/\/pedaleandalucia.com\/gb\/category\/pueblos-blancos\/\" rel=\"category tag\">Pueblos Blancos<\/a>, <a href=\"https:\/\/pedaleandalucia.com\/gb\/category\/quesada\/\" rel=\"category tag\">Quesada<\/a>, <a href=\"https:\/\/pedaleandalucia.com\/gb\/category\/ronda\/\" rel=\"category tag\">ronda<\/a>, <a href=\"https:\/\/pedaleandalucia.com\/gb\/category\/rutas-btt\/\" rel=\"category tag\">rutas btt<\/a>, <a href=\"https:\/\/pedaleandalucia.com\/gb\/category\/rutas-nuevas\/\" rel=\"category tag\">Rutas nuevas<\/a>, <a href=\"https:\/\/pedaleandalucia.com\/gb\/category\/sacacorchos\/\" rel=\"category tag\">Sacacorchos<\/a>, <a href=\"https:\/\/pedaleandalucia.com\/gb\/category\/san-jose\/\" rel=\"category tag\">San Jos\u00e9<\/a>, <a href=\"https:\/\/pedaleandalucia.com\/gb\/category\/serrania-de-cadiz\/\" rel=\"category tag\">Serran\u00eda de C\u00e1diz<\/a>, <a href=\"https:\/\/pedaleandalucia.com\/gb\/category\/serrania-de-ronda\/\" rel=\"category tag\">serrania de Ronda<\/a>, <a href=\"https:\/\/pedaleandalucia.com\/gb\/category\/sevilla\/\" rel=\"category tag\">Sevilla<\/a>, <a href=\"https:\/\/pedaleandalucia.com\/gb\/category\/sierra-de-segura\/\" rel=\"category tag\">Sierra de Segura<\/a>, <a href=\"https:\/\/pedaleandalucia.com\/gb\/category\/tabernas\/\" rel=\"category tag\">Tabernas<\/a>, <a href=\"https:\/\/pedaleandalucia.com\/gb\/category\/tarifa\/\" rel=\"category tag\">tarifa<\/a>, <a href=\"https:\/\/pedaleandalucia.com\/gb\/category\/transcazorla-mtb\/\" rel=\"category tag\">Transcazorla MTB<\/a>, <a href=\"https:\/\/pedaleandalucia.com\/gb\/category\/transcazorla-road\/\" rel=\"category tag\">Transcazorla ROAD<\/a>, <a href=\"https:\/\/pedaleandalucia.com\/gb\/category\/travesia-btt\/\" rel=\"category tag\">traves\u00eda btt<\/a>, <a href=\"https:\/\/pedaleandalucia.com\/gb\/category\/travesias-btt\/\" rel=\"category tag\">traves\u00edas btt<\/a>, <a href=\"https:\/\/pedaleandalucia.com\/gb\/category\/ubrique\/\" rel=\"category tag\">ubrique<\/a>, <a href=\"https:\/\/pedaleandalucia.com\/gb\/category\/villaluenga-del-rosario\/\" rel=\"category tag\">villaluenga del Rosario<\/a>","author_info_v2":{"name":"asanchba","url":"https:\/\/pedaleandalucia.com\/gb\/author\/asanchba\/"},"comments_num_v2":"0 comments","jetpack_featured_media_url":"https:\/\/i0.wp.com\/pedaleandalucia.com\/wp-content\/uploads\/2025\/12\/ChatGPT-Image-23-dic-2025-13_46_11.png?fit=1536%2C1024&ssl=1","uagb_featured_image_src":{"full":["https:\/\/i0.wp.com\/pedaleandalucia.com\/wp-content\/uploads\/2025\/12\/ChatGPT-Image-23-dic-2025-13_46_11.png?fit=1536%2C1024&ssl=1",1536,1024,false],"thumbnail":["https:\/\/i0.wp.com\/pedaleandalucia.com\/wp-content\/uploads\/2025\/12\/ChatGPT-Image-23-dic-2025-13_46_11.png?resize=150%2C150&ssl=1",150,150,true],"medium":["https:\/\/i0.wp.com\/pedaleandalucia.com\/wp-content\/uploads\/2025\/12\/ChatGPT-Image-23-dic-2025-13_46_11.png?fit=300%2C200&ssl=1",300,200,true],"medium_large":["https:\/\/i0.wp.com\/pedaleandalucia.com\/wp-content\/uploads\/2025\/12\/ChatGPT-Image-23-dic-2025-13_46_11.png?fit=580%2C387&ssl=1",580,387,true],"large":["https:\/\/i0.wp.com\/pedaleandalucia.com\/wp-content\/uploads\/2025\/12\/ChatGPT-Image-23-dic-2025-13_46_11.png?fit=580%2C387&ssl=1",580,387,true],"1536x1536":["https:\/\/i0.wp.com\/pedaleandalucia.com\/wp-content\/uploads\/2025\/12\/ChatGPT-Image-23-dic-2025-13_46_11.png?fit=1536%2C1024&ssl=1",1536,1024,true],"2048x2048":["https:\/\/i0.wp.com\/pedaleandalucia.com\/wp-content\/uploads\/2025\/12\/ChatGPT-Image-23-dic-2025-13_46_11.png?fit=1536%2C1024&ssl=1",1536,1024,true],"post-thumbnail":["https:\/\/i0.wp.com\/pedaleandalucia.com\/wp-content\/uploads\/2025\/12\/ChatGPT-Image-23-dic-2025-13_46_11.png?fit=1200%2C800&ssl=1",1200,800,true],"twentytwenty-fullscreen":["https:\/\/i0.wp.com\/pedaleandalucia.com\/wp-content\/uploads\/2025\/12\/ChatGPT-Image-23-dic-2025-13_46_11.png?fit=1536%2C1024&ssl=1",1536,1024,true],"pedalea-landscape":["https:\/\/i0.wp.com\/pedaleandalucia.com\/wp-content\/uploads\/2025\/12\/ChatGPT-Image-23-dic-2025-13_46_11.png?resize=500%2C250&ssl=1",500,250,true]},"uagb_author_info":{"display_name":"asanchba","author_link":"https:\/\/pedaleandalucia.com\/gb\/author\/asanchba\/"},"uagb_comment_info":0,"uagb_excerpt":"2026: NUEVOS RETOS, MISMA PASI\u00d3N","jetpack_sharing_enabled":true,"jetpack_shortlink":"https:\/\/wp.me\/p2Lg6v-M4","jetpack-related-posts":[{"id":3008,"url":"https:\/\/pedaleandalucia.com\/gb\/pedalea-en-invierno\/","url_meta":{"origin":2980,"position":0},"title":"Pedalea en invierno","author":"asanchba","date":"January 28, 2026","format":false,"excerpt":"Pedalear Andaluc\u00eda en invierno, es descubrirla a otro ritmo.","rel":"","context":"In &quot;Almer\u00eda&quot;","block_context":{"text":"Almer\u00eda","link":"https:\/\/pedaleandalucia.com\/gb\/category\/almeria\/"},"img":{"alt_text":"","src":"https:\/\/i0.wp.com\/pedaleandalucia.com\/wp-content\/uploads\/2026\/01\/IMG20241024120012-scaled-e1768564451672.jpg?fit=300%2C532&ssl=1&resize=350%2C200","width":350,"height":200},"classes":[]},{"id":2850,"url":"https:\/\/pedaleandalucia.com\/gb\/comienza-la-segunda-parte-de-la-temporada\/","url_meta":{"origin":2980,"position":1},"title":"Comienza la segunda parte de la temporada","author":"asanchba","date":"September 17, 2025","format":false,"excerpt":"Temporada oto\u00f1o\/invierno, una \u00e9poca ideal para rodar en bici por Andaluc\u00eda.","rel":"","context":"In &quot;Agua Amarga&quot;","block_context":{"text":"Agua Amarga","link":"https:\/\/pedaleandalucia.com\/gb\/category\/agua-amarga\/"},"img":{"alt_text":"Pedalea Andaluc\u00eda. Traves\u00eda en btt Cabo de Gata. Rutas BTT Cabo de Gata","src":"https:\/\/i0.wp.com\/pedaleandalucia.com\/wp-content\/uploads\/2012\/12\/2012-08-31-17.01.19-e1355606763939.jpg?fit=1024%2C768&ssl=1&resize=350%2C200","width":350,"height":200,"srcset":"https:\/\/i0.wp.com\/pedaleandalucia.com\/wp-content\/uploads\/2012\/12\/2012-08-31-17.01.19-e1355606763939.jpg?fit=1024%2C768&ssl=1&resize=350%2C200 1x, https:\/\/i0.wp.com\/pedaleandalucia.com\/wp-content\/uploads\/2012\/12\/2012-08-31-17.01.19-e1355606763939.jpg?fit=1024%2C768&ssl=1&resize=525%2C300 1.5x, https:\/\/i0.wp.com\/pedaleandalucia.com\/wp-content\/uploads\/2012\/12\/2012-08-31-17.01.19-e1355606763939.jpg?fit=1024%2C768&ssl=1&resize=700%2C400 2x"},"classes":[]},{"id":2689,"url":"https:\/\/pedaleandalucia.com\/gb\/el-momento-es-ahora\/","url_meta":{"origin":2980,"position":2},"title":"El momento es ahora!","author":"asanchba","date":"September 14, 2023","format":false,"excerpt":"Gauc\u00edn. P.N. Los Alcornocales El calor va bajando de intensidad, al mismo ritmo que las aglomeraciones de turistas. Ahora, es cuando podr\u00e1s disfrutar de todo lo que te ofrecen nuestras traves\u00edas, monta\u00f1as solitarias, playas paradis\u00edacas, pueblos con un enorme valor cultural. Elige cualquiera de nuestras rutas y descubrir\u00e1s entornos \u00fanicos.\u2026","rel":"","context":"In &quot;Agua Amarga&quot;","block_context":{"text":"Agua Amarga","link":"https:\/\/pedaleandalucia.com\/gb\/category\/agua-amarga\/"},"img":{"alt_text":"","src":"https:\/\/i0.wp.com\/pedaleandalucia.com\/wp-content\/uploads\/2018\/05\/saliendo-de-gauc\u00edn-2.jpg?fit=800%2C451&ssl=1&resize=350%2C200","width":350,"height":200,"srcset":"https:\/\/i0.wp.com\/pedaleandalucia.com\/wp-content\/uploads\/2018\/05\/saliendo-de-gauc\u00edn-2.jpg?fit=800%2C451&ssl=1&resize=350%2C200 1x, https:\/\/i0.wp.com\/pedaleandalucia.com\/wp-content\/uploads\/2018\/05\/saliendo-de-gauc\u00edn-2.jpg?fit=800%2C451&ssl=1&resize=525%2C300 1.5x, https:\/\/i0.wp.com\/pedaleandalucia.com\/wp-content\/uploads\/2018\/05\/saliendo-de-gauc\u00edn-2.jpg?fit=800%2C451&ssl=1&resize=700%2C400 2x"},"classes":[]},{"id":2994,"url":"https:\/\/pedaleandalucia.com\/gb\/viaja-con-tus-amigos\/","url_meta":{"origin":2980,"position":3},"title":"Viaja con tus amigos.","author":"asanchba","date":"January 21, 2026","format":false,"excerpt":"Viajar con la grupeta es mucho m\u00e1s que moverse en bicicleta. Es compartir kil\u00f3metros, silencios, risas y ese entendimiento que solo existe entre quienes pedalean juntos. No hace falta hablar demasiado. El ritmo se ajusta, las miradas se cruzan y el grupo avanza como uno solo. Cada uno aporta lo\u2026","rel":"","context":"In &quot;Almer\u00eda&quot;","block_context":{"text":"Almer\u00eda","link":"https:\/\/pedaleandalucia.com\/gb\/category\/almeria\/"},"img":{"alt_text":"Viajar en grupo","src":"https:\/\/i0.wp.com\/pedaleandalucia.com\/wp-content\/uploads\/2026\/01\/IMG_20250503_212424-e1768479958437.jpg?fit=400%2C547&ssl=1&resize=350%2C200","width":350,"height":200},"classes":[]},{"id":3005,"url":"https:\/\/pedaleandalucia.com\/gb\/te-llevamos-a-lugares-unicos\/","url_meta":{"origin":2980,"position":4},"title":"Te llevamos a lugares \u00fanicos","author":"asanchba","date":"January 27, 2026","format":false,"excerpt":"Todas nuestras traves\u00edas, ya sean en BTT, gravel o carretera, est\u00e1n dise\u00f1adas con un mismo objetivo: que descubras lugares \u00fanicos sobre la bicicleta. Andaluc\u00eda posee una inmensa riqueza natural, paisaj\u00edstica y monumental, y cada uno de nuestros recorridos te lleva a algunos de los rincones m\u00e1s especiales de las provincias\u2026","rel":"","context":"In &quot;Almer\u00eda&quot;","block_context":{"text":"Almer\u00eda","link":"https:\/\/pedaleandalucia.com\/gb\/category\/almeria\/"},"img":{"alt_text":"Torre Guadalmes\u00ed. Tarifa","src":"https:\/\/i0.wp.com\/pedaleandalucia.com\/wp-content\/uploads\/2026\/01\/IMG_20251022_181217-scaled-e1768563259294.jpg?fit=400%2C226&ssl=1&resize=350%2C200","width":350,"height":200},"classes":[]},{"id":2990,"url":"https:\/\/pedaleandalucia.com\/gb\/andalucia-365cycling\/","url_meta":{"origin":2980,"position":5},"title":"Andaluc\u00eda #365cycling","author":"asanchba","date":"January 19, 2026","format":false,"excerpt":"Pedalear los 365 d\u00edas del a\u00f1o","rel":"","context":"In &quot;Almer\u00eda&quot;","block_context":{"text":"Almer\u00eda","link":"https:\/\/pedaleandalucia.com\/gb\/category\/almeria\/"},"img":{"alt_text":"Lluvia y cicloturismo","src":"https:\/\/i0.wp.com\/pedaleandalucia.com\/wp-content\/uploads\/2026\/01\/IMG20250121082959-scaled.jpg?fit=675%2C1200&ssl=1&resize=350%2C200","width":350,"height":200,"srcset":"https:\/\/i0.wp.com\/pedaleandalucia.com\/wp-content\/uploads\/2026\/01\/IMG20250121082959-scaled.jpg?fit=675%2C1200&ssl=1&resize=350%2C200 1x, https:\/\/i0.wp.com\/pedaleandalucia.com\/wp-content\/uploads\/2026\/01\/IMG20250121082959-scaled.jpg?fit=675%2C1200&ssl=1&resize=525%2C300 1.5x"},"classes":[]}],"_links":{"self":[{"href":"https:\/\/pedaleandalucia.com\/gb\/wp-json\/wp\/v2\/posts\/2980"}],"collection":[{"href":"https:\/\/pedaleandalucia.com\/gb\/wp-json\/wp\/v2\/posts"}],"about":[{"href":"https:\/\/pedaleandalucia.com\/gb\/wp-json\/wp\/v2\/types\/post"}],"author":[{"embeddable":true,"href":"https:\/\/pedaleandalucia.com\/gb\/wp-json\/wp\/v2\/users\/2"}],"replies":[{"embeddable":true,"href":"https:\/\/pedaleandalucia.com\/gb\/wp-json\/wp\/v2\/comments?post=2980"}],"version-history":[{"count":2,"href":"https:\/\/pedaleandalucia.com\/gb\/wp-json\/wp\/v2\/posts\/2980\/revisions"}],"predecessor-version":[{"id":2984,"href":"https:\/\/pedaleandalucia.com\/gb\/wp-json\/wp\/v2\/posts\/2980\/revisions\/2984"}],"wp:featuredmedia":[{"embeddable":true,"href":"https:\/\/pedaleandalucia.com\/gb\/wp-json\/wp\/v2\/media\/2981"}],"wp:attachment":[{"href":"https:\/\/pedaleandalucia.com\/gb\/wp-json\/wp\/v2\/media?parent=2980"}],"wp:term":[{"taxonomy":"category","embeddable":true,"href":"https:\/\/pedaleandalucia.com\/gb\/wp-json\/wp\/v2\/categories?post=2980"},{"taxonomy":"post_tag","embeddable":true,"href":"https:\/\/pedaleandalucia.com\/gb\/wp-json\/wp\/v2\/tags?post=2980"}],"curies":[{"name":"wp","href":"https:\/\/api.w.org\/{rel}","templated":true}]}}