{"id":2977,"date":"2025-12-29T18:05:00","date_gmt":"2025-12-29T18:05:00","guid":{"rendered":"https:\/\/pedaleandalucia.com\/?p=2977"},"modified":"2025-12-23T10:19:34","modified_gmt":"2025-12-23T10:19:34","slug":"mirador-de-la-amatista","status":"publish","type":"post","link":"https:\/\/pedaleandalucia.com\/gb\/mirador-de-la-amatista\/","title":{"rendered":"Mirador de la Amatista"},"content":{"rendered":"\n<p>Este balc\u00f3n hacia el Mediterr\u00e1neo es uno de los puntos emblem\u00e1ticos de la Almer\u00eda Desert Gravel. Vistas impresionantes de esta parte de la costa, con los Frailes, Los Escullos y la Isleta del Moro, como fondo, hacen de esta r\u00e1pida parada un punto ideal para bajar las pulsaciones y sacar m\u00e1s de una foto. Siguiente parada, el antiguo poblado minero de Rodalquilar.<\/p>\n\n\n\n<p><\/p>\n\n\n\n<figure class=\"wp-block-image size-large\"><a href=\"https:\/\/i0.wp.com\/pedaleandalucia.com\/wp-content\/uploads\/2025\/12\/miradordelaamatista-scaled.jpg?ssl=1\"><img loading=\"lazy\" decoding=\"async\" width=\"580\" height=\"435\" data-attachment-id=\"2978\" data-permalink=\"https:\/\/pedaleandalucia.com\/gb\/mirador-de-la-amatista\/miradordelaamatista\/\" data-orig-file=\"https:\/\/i0.wp.com\/pedaleandalucia.com\/wp-content\/uploads\/2025\/12\/miradordelaamatista-scaled.jpg?fit=2560%2C1920&amp;ssl=1\" data-orig-size=\"2560,1920\" data-comments-opened=\"0\" data-image-meta=\"{&quot;aperture&quot;:&quot;2.2&quot;,&quot;credit&quot;:&quot;&quot;,&quot;camera&quot;:&quot;Aquaris U&quot;,&quot;caption&quot;:&quot;&quot;,&quot;created_timestamp&quot;:&quot;1554900574&quot;,&quot;copyright&quot;:&quot;&quot;,&quot;focal_length&quot;:&quot;3.4&quot;,&quot;iso&quot;:&quot;100&quot;,&quot;shutter_speed&quot;:&quot;0.00061538461538462&quot;,&quot;title&quot;:&quot;&quot;,&quot;orientation&quot;:&quot;1&quot;}\" data-image-title=\"miradordelaamatista\" data-image-description=\"\" data-image-caption=\"\" data-medium-file=\"https:\/\/i0.wp.com\/pedaleandalucia.com\/wp-content\/uploads\/2025\/12\/miradordelaamatista-scaled.jpg?fit=300%2C225&amp;ssl=1\" data-large-file=\"https:\/\/i0.wp.com\/pedaleandalucia.com\/wp-content\/uploads\/2025\/12\/miradordelaamatista-scaled.jpg?fit=580%2C435&amp;ssl=1\" src=\"https:\/\/i0.wp.com\/pedaleandalucia.com\/wp-content\/uploads\/2025\/12\/miradordelaamatista.jpg?resize=580%2C435&#038;ssl=1\" alt=\"\" class=\"wp-image-2978\" srcset=\"https:\/\/i0.wp.com\/pedaleandalucia.com\/wp-content\/uploads\/2025\/12\/miradordelaamatista-scaled.jpg?resize=1024%2C768&amp;ssl=1 1024w, https:\/\/i0.wp.com\/pedaleandalucia.com\/wp-content\/uploads\/2025\/12\/miradordelaamatista-scaled.jpg?resize=300%2C225&amp;ssl=1 300w, https:\/\/i0.wp.com\/pedaleandalucia.com\/wp-content\/uploads\/2025\/12\/miradordelaamatista-scaled.jpg?resize=768%2C576&amp;ssl=1 768w, https:\/\/i0.wp.com\/pedaleandalucia.com\/wp-content\/uploads\/2025\/12\/miradordelaamatista-scaled.jpg?resize=1536%2C1152&amp;ssl=1 1536w, https:\/\/i0.wp.com\/pedaleandalucia.com\/wp-content\/uploads\/2025\/12\/miradordelaamatista-scaled.jpg?resize=2048%2C1536&amp;ssl=1 2048w, https:\/\/i0.wp.com\/pedaleandalucia.com\/wp-content\/uploads\/2025\/12\/miradordelaamatista-scaled.jpg?resize=1200%2C900&amp;ssl=1 1200w, https:\/\/i0.wp.com\/pedaleandalucia.com\/wp-content\/uploads\/2025\/12\/miradordelaamatista-scaled.jpg?resize=1980%2C1485&amp;ssl=1 1980w, https:\/\/i0.wp.com\/pedaleandalucia.com\/wp-content\/uploads\/2025\/12\/miradordelaamatista-scaled.jpg?w=1740&amp;ssl=1 1740w\" sizes=\"(max-width: 580px) 100vw, 580px\" data-recalc-dims=\"1\" \/><\/a><\/figure>\n","protected":false},"excerpt":{"rendered":"<p>Mirador de la Amatista, un balc\u00f3n al Mediterr\u00e1neo, con Los Frailes y la Isleta del Moro como tel\u00f3n de fondo.<\/p>\n","protected":false},"author":2,"featured_media":2978,"comment_status":"closed","ping_status":"closed","sticky":false,"template":"","format":"standard","meta":{"_coblocks_attr":"","_coblocks_dimensions":"","_coblocks_responsive_height":"","_coblocks_accordion_ie_support":"","_uag_custom_page_level_css":"","jetpack_post_was_ever_published":false,"_jetpack_newsletter_access":"","_jetpack_newsletter_tier_id":0,"footnotes":"","jetpack_publicize_message":"","jetpack_is_tweetstorm":false,"jetpack_publicize_feature_enabled":true,"jetpack_social_post_already_shared":true,"jetpack_social_options":{"image_generator_settings":{"template":"highway","enabled":false}}},"categories":[140,141,51,68,142,139,33,138],"tags":[85,23,38,83,27,37,69,26],"translation":{"provider":"WPGlobus","version":"3.0.0","language":"gb","enabled_languages":["es","gb"],"languages":{"es":{"title":true,"content":true,"excerpt":true},"gb":{"title":false,"content":false,"excerpt":false}}},"jetpack_publicize_connections":[],"featured_image_urls":{"full":["https:\/\/i0.wp.com\/pedaleandalucia.com\/wp-content\/uploads\/2025\/12\/miradordelaamatista-scaled.jpg?fit=2560%2C1920&ssl=1",2560,1920,false],"thumbnail":["https:\/\/i0.wp.com\/pedaleandalucia.com\/wp-content\/uploads\/2025\/12\/miradordelaamatista-scaled.jpg?resize=150%2C150&ssl=1",150,150,true],"medium":["https:\/\/i0.wp.com\/pedaleandalucia.com\/wp-content\/uploads\/2025\/12\/miradordelaamatista-scaled.jpg?fit=300%2C225&ssl=1",300,225,true],"medium_large":["https:\/\/i0.wp.com\/pedaleandalucia.com\/wp-content\/uploads\/2025\/12\/miradordelaamatista-scaled.jpg?fit=580%2C435&ssl=1",580,435,true],"large":["https:\/\/i0.wp.com\/pedaleandalucia.com\/wp-content\/uploads\/2025\/12\/miradordelaamatista-scaled.jpg?fit=580%2C435&ssl=1",580,435,true],"1536x1536":["https:\/\/i0.wp.com\/pedaleandalucia.com\/wp-content\/uploads\/2025\/12\/miradordelaamatista-scaled.jpg?fit=1536%2C1152&ssl=1",1536,1152,true],"2048x2048":["https:\/\/i0.wp.com\/pedaleandalucia.com\/wp-content\/uploads\/2025\/12\/miradordelaamatista-scaled.jpg?fit=2048%2C1536&ssl=1",2048,1536,true],"post-thumbnail":["https:\/\/i0.wp.com\/pedaleandalucia.com\/wp-content\/uploads\/2025\/12\/miradordelaamatista-scaled.jpg?fit=1200%2C900&ssl=1",1200,900,true],"twentytwenty-fullscreen":["https:\/\/i0.wp.com\/pedaleandalucia.com\/wp-content\/uploads\/2025\/12\/miradordelaamatista-scaled.jpg?fit=1980%2C1485&ssl=1",1980,1485,true],"pedalea-landscape":["https:\/\/i0.wp.com\/pedaleandalucia.com\/wp-content\/uploads\/2025\/12\/miradordelaamatista-scaled.jpg?resize=500%2C250&ssl=1",500,250,true]},"post_excerpt_stackable":"<p>Mirador de la Amatista, un balc\u00f3n al Mediterr\u00e1neo, con Los Frailes y la Isleta del Moro como tel\u00f3n de fondo.<\/p>\n","category_list":"<a href=\"https:\/\/pedaleandalucia.com\/gb\/category\/agua-amarga\/\" rel=\"category tag\">Agua Amarga<\/a>, <a href=\"https:\/\/pedaleandalucia.com\/gb\/category\/almeria\/\" rel=\"category tag\">Almer\u00eda<\/a>, <a href=\"https:\/\/pedaleandalucia.com\/gb\/category\/cabo-de-gata-2\/\" rel=\"category tag\">Cabo de Gata<\/a>, <a href=\"https:\/\/pedaleandalucia.com\/gb\/category\/cicloturismo\/\" rel=\"category tag\">cicloturismo<\/a>, <a href=\"https:\/\/pedaleandalucia.com\/gb\/category\/gravel\/\" rel=\"category tag\">gravel<\/a>, <a href=\"https:\/\/pedaleandalucia.com\/gb\/category\/las-negras\/\" rel=\"category tag\">Las Negras<\/a>, <a href=\"https:\/\/pedaleandalucia.com\/gb\/category\/rutas-btt\/\" rel=\"category tag\">rutas btt<\/a>, <a href=\"https:\/\/pedaleandalucia.com\/gb\/category\/san-jose\/\" rel=\"category tag\">San Jos\u00e9<\/a>","author_info":{"name":"asanchba","url":"https:\/\/pedaleandalucia.com\/gb\/author\/asanchba\/"},"comments_num":"0 comments","featured_image_urls_v2":{"full":["https:\/\/i0.wp.com\/pedaleandalucia.com\/wp-content\/uploads\/2025\/12\/miradordelaamatista-scaled.jpg?fit=2560%2C1920&ssl=1",2560,1920,false],"thumbnail":["https:\/\/i0.wp.com\/pedaleandalucia.com\/wp-content\/uploads\/2025\/12\/miradordelaamatista-scaled.jpg?resize=150%2C150&ssl=1",150,150,true],"medium":["https:\/\/i0.wp.com\/pedaleandalucia.com\/wp-content\/uploads\/2025\/12\/miradordelaamatista-scaled.jpg?fit=300%2C225&ssl=1",300,225,true],"medium_large":["https:\/\/i0.wp.com\/pedaleandalucia.com\/wp-content\/uploads\/2025\/12\/miradordelaamatista-scaled.jpg?fit=580%2C435&ssl=1",580,435,true],"large":["https:\/\/i0.wp.com\/pedaleandalucia.com\/wp-content\/uploads\/2025\/12\/miradordelaamatista-scaled.jpg?fit=580%2C435&ssl=1",580,435,true],"1536x1536":["https:\/\/i0.wp.com\/pedaleandalucia.com\/wp-content\/uploads\/2025\/12\/miradordelaamatista-scaled.jpg?fit=1536%2C1152&ssl=1",1536,1152,true],"2048x2048":["https:\/\/i0.wp.com\/pedaleandalucia.com\/wp-content\/uploads\/2025\/12\/miradordelaamatista-scaled.jpg?fit=2048%2C1536&ssl=1",2048,1536,true],"post-thumbnail":["https:\/\/i0.wp.com\/pedaleandalucia.com\/wp-content\/uploads\/2025\/12\/miradordelaamatista-scaled.jpg?fit=1200%2C900&ssl=1",1200,900,true],"twentytwenty-fullscreen":["https:\/\/i0.wp.com\/pedaleandalucia.com\/wp-content\/uploads\/2025\/12\/miradordelaamatista-scaled.jpg?fit=1980%2C1485&ssl=1",1980,1485,true],"pedalea-landscape":["https:\/\/i0.wp.com\/pedaleandalucia.com\/wp-content\/uploads\/2025\/12\/miradordelaamatista-scaled.jpg?resize=500%2C250&ssl=1",500,250,true]},"post_excerpt_stackable_v2":"<p>Mirador de la Amatista, un balc\u00f3n al Mediterr\u00e1neo, con Los Frailes y la Isleta del Moro como tel\u00f3n de fondo.<\/p>\n","category_list_v2":"<a href=\"https:\/\/pedaleandalucia.com\/gb\/category\/agua-amarga\/\" rel=\"category tag\">Agua Amarga<\/a>, <a href=\"https:\/\/pedaleandalucia.com\/gb\/category\/almeria\/\" rel=\"category tag\">Almer\u00eda<\/a>, <a href=\"https:\/\/pedaleandalucia.com\/gb\/category\/cabo-de-gata-2\/\" rel=\"category tag\">Cabo de Gata<\/a>, <a href=\"https:\/\/pedaleandalucia.com\/gb\/category\/cicloturismo\/\" rel=\"category tag\">cicloturismo<\/a>, <a href=\"https:\/\/pedaleandalucia.com\/gb\/category\/gravel\/\" rel=\"category tag\">gravel<\/a>, <a href=\"https:\/\/pedaleandalucia.com\/gb\/category\/las-negras\/\" rel=\"category tag\">Las Negras<\/a>, <a href=\"https:\/\/pedaleandalucia.com\/gb\/category\/rutas-btt\/\" rel=\"category tag\">rutas btt<\/a>, <a href=\"https:\/\/pedaleandalucia.com\/gb\/category\/san-jose\/\" rel=\"category tag\">San Jos\u00e9<\/a>","author_info_v2":{"name":"asanchba","url":"https:\/\/pedaleandalucia.com\/gb\/author\/asanchba\/"},"comments_num_v2":"0 comments","jetpack_featured_media_url":"https:\/\/i0.wp.com\/pedaleandalucia.com\/wp-content\/uploads\/2025\/12\/miradordelaamatista-scaled.jpg?fit=2560%2C1920&ssl=1","uagb_featured_image_src":{"full":["https:\/\/i0.wp.com\/pedaleandalucia.com\/wp-content\/uploads\/2025\/12\/miradordelaamatista-scaled.jpg?fit=2560%2C1920&ssl=1",2560,1920,false],"thumbnail":["https:\/\/i0.wp.com\/pedaleandalucia.com\/wp-content\/uploads\/2025\/12\/miradordelaamatista-scaled.jpg?resize=150%2C150&ssl=1",150,150,true],"medium":["https:\/\/i0.wp.com\/pedaleandalucia.com\/wp-content\/uploads\/2025\/12\/miradordelaamatista-scaled.jpg?fit=300%2C225&ssl=1",300,225,true],"medium_large":["https:\/\/i0.wp.com\/pedaleandalucia.com\/wp-content\/uploads\/2025\/12\/miradordelaamatista-scaled.jpg?fit=580%2C435&ssl=1",580,435,true],"large":["https:\/\/i0.wp.com\/pedaleandalucia.com\/wp-content\/uploads\/2025\/12\/miradordelaamatista-scaled.jpg?fit=580%2C435&ssl=1",580,435,true],"1536x1536":["https:\/\/i0.wp.com\/pedaleandalucia.com\/wp-content\/uploads\/2025\/12\/miradordelaamatista-scaled.jpg?fit=1536%2C1152&ssl=1",1536,1152,true],"2048x2048":["https:\/\/i0.wp.com\/pedaleandalucia.com\/wp-content\/uploads\/2025\/12\/miradordelaamatista-scaled.jpg?fit=2048%2C1536&ssl=1",2048,1536,true],"post-thumbnail":["https:\/\/i0.wp.com\/pedaleandalucia.com\/wp-content\/uploads\/2025\/12\/miradordelaamatista-scaled.jpg?fit=1200%2C900&ssl=1",1200,900,true],"twentytwenty-fullscreen":["https:\/\/i0.wp.com\/pedaleandalucia.com\/wp-content\/uploads\/2025\/12\/miradordelaamatista-scaled.jpg?fit=1980%2C1485&ssl=1",1980,1485,true],"pedalea-landscape":["https:\/\/i0.wp.com\/pedaleandalucia.com\/wp-content\/uploads\/2025\/12\/miradordelaamatista-scaled.jpg?resize=500%2C250&ssl=1",500,250,true]},"uagb_author_info":{"display_name":"asanchba","author_link":"https:\/\/pedaleandalucia.com\/gb\/author\/asanchba\/"},"uagb_comment_info":0,"uagb_excerpt":"Mirador de la Amatista, un balc\u00f3n al Mediterr\u00e1neo, con Los Frailes y la Isleta del Moro como tel\u00f3n de fondo.","jetpack_sharing_enabled":true,"jetpack_shortlink":"https:\/\/wp.me\/p2Lg6v-M1","jetpack-related-posts":[{"id":2820,"url":"https:\/\/pedaleandalucia.com\/gb\/la-isleta-del-moro\/","url_meta":{"origin":2977,"position":0},"title":"La Isleta del Moro","author":"asanchba","date":"March 13, 2025","format":false,"excerpt":"La Isleta del Moro, de refugio para piratas a zona de descanso para ciclistas.","rel":"","context":"In &quot;Agua Amarga&quot;","block_context":{"text":"Agua Amarga","link":"https:\/\/pedaleandalucia.com\/gb\/category\/agua-amarga\/"},"img":{"alt_text":"","src":"https:\/\/i0.wp.com\/pedaleandalucia.com\/wp-content\/uploads\/2025\/03\/Isleta-del-Moro.jpg?fit=491%2C655&ssl=1&resize=350%2C200","width":350,"height":200},"classes":[]},{"id":2974,"url":"https:\/\/pedaleandalucia.com\/gb\/la-isleta-del-moro-2\/","url_meta":{"origin":2977,"position":1},"title":"La Isleta del Moro","author":"asanchba","date":"December 23, 2025","format":false,"excerpt":"La Isleta del Moro. Pueblo Pesquero.","rel":"","context":"In &quot;Agua Amarga&quot;","block_context":{"text":"Agua Amarga","link":"https:\/\/pedaleandalucia.com\/gb\/category\/agua-amarga\/"},"img":{"alt_text":"","src":"https:\/\/i0.wp.com\/pedaleandalucia.com\/wp-content\/uploads\/2025\/12\/isleta-del-moro1-scaled.jpg?fit=1200%2C900&ssl=1&resize=350%2C200","width":350,"height":200,"srcset":"https:\/\/i0.wp.com\/pedaleandalucia.com\/wp-content\/uploads\/2025\/12\/isleta-del-moro1-scaled.jpg?fit=1200%2C900&ssl=1&resize=350%2C200 1x, https:\/\/i0.wp.com\/pedaleandalucia.com\/wp-content\/uploads\/2025\/12\/isleta-del-moro1-scaled.jpg?fit=1200%2C900&ssl=1&resize=525%2C300 1.5x, https:\/\/i0.wp.com\/pedaleandalucia.com\/wp-content\/uploads\/2025\/12\/isleta-del-moro1-scaled.jpg?fit=1200%2C900&ssl=1&resize=700%2C400 2x, https:\/\/i0.wp.com\/pedaleandalucia.com\/wp-content\/uploads\/2025\/12\/isleta-del-moro1-scaled.jpg?fit=1200%2C900&ssl=1&resize=1050%2C600 3x"},"classes":[]},{"id":3098,"url":"https:\/\/pedaleandalucia.com\/gb\/rincones-espectaculares\/","url_meta":{"origin":2977,"position":2},"title":"Rincones Espectaculares","author":"asanchba","date":"April 23, 2026","format":false,"excerpt":"Llegar a La Isleta del Moro en MTB... Mar, calma y la esencia m\u00e1s aut\u00e9ntica del Cabo de Gata. Uno de esos lugares que hacen especial cada etapa. #CaboDeGata #MTBAndaluc\u00eda #LaIsletaDelMoro #PedaleaAndaluc\u00eda","rel":"","context":"In &quot;Agua Amarga&quot;","block_context":{"text":"Agua Amarga","link":"https:\/\/pedaleandalucia.com\/gb\/category\/agua-amarga\/"},"img":{"alt_text":"Etapa 2 Traves\u00eda Btt del Cabo de Gata","src":"https:\/\/i0.wp.com\/pedaleandalucia.com\/wp-content\/uploads\/2026\/04\/Isleta-del-Moro.jpg?fit=491%2C655&ssl=1&resize=350%2C200","width":350,"height":200},"classes":[]},{"id":1754,"url":"https:\/\/pedaleandalucia.com\/gb\/travesia-btt-cabo-de-gata-isleta-del-moro\/","url_meta":{"origin":2977,"position":3},"title":"Traves\u00eda BTT Cabo de Gata. Isleta del Moro","author":"asanchba","date":"October 13, 2017","format":false,"excerpt":"Uno de los altos obligados en la Traves\u00eda BTT del Cabo de Gata os lo encontrar\u00e9is en el peque\u00f1o pueblo pesquero la Isleta del Moro, si vais con tiempo incluso podr\u00e9is hacer alguna inmersi\u00f3n para ver la parte mar\u00edtima de este parque natural. Si os qued\u00e1is en tierra, siempre podr\u00e9is\u2026","rel":"","context":"In &quot;Cabo de Gata&quot;","block_context":{"text":"Cabo de Gata","link":"https:\/\/pedaleandalucia.com\/gb\/category\/cabo-de-gata-2\/"},"img":{"alt_text":"","src":"https:\/\/i0.wp.com\/pedaleandalucia.com\/wp-content\/uploads\/2017\/10\/IMG-20161015-WA0014-2-1024x768.jpg?resize=350%2C200","width":350,"height":200,"srcset":"https:\/\/i0.wp.com\/pedaleandalucia.com\/wp-content\/uploads\/2017\/10\/IMG-20161015-WA0014-2-1024x768.jpg?resize=350%2C200 1x, https:\/\/i0.wp.com\/pedaleandalucia.com\/wp-content\/uploads\/2017\/10\/IMG-20161015-WA0014-2-1024x768.jpg?resize=525%2C300 1.5x"},"classes":[]},{"id":3091,"url":"https:\/\/pedaleandalucia.com\/gb\/btt-o-gravel-almeria-te-espera\/","url_meta":{"origin":2977,"position":4},"title":"BTT o Gravel, Almer\u00eda te espera.","author":"asanchba","date":"April 16, 2026","format":false,"excerpt":"Recorrer el parque natural del Cabo de Gata o el desierto de Tabernas son dos de los alicientes de recorrer en btt o gravel, nuestras traves\u00edas de Almer\u00eda. Ven a disfrutar de paisajes \u00fanicos, caminos por recorrer y carreteras que te llevar\u00e1n a rincones espectaculares.","rel":"","context":"In &quot;Agua Amarga&quot;","block_context":{"text":"Agua Amarga","link":"https:\/\/pedaleandalucia.com\/gb\/category\/agua-amarga\/"},"img":{"alt_text":"","src":"https:\/\/i0.wp.com\/pedaleandalucia.com\/wp-content\/uploads\/2026\/04\/Ermita-Virgen-del-Mar-corr-1.jpg?fit=491%2C655&ssl=1&resize=350%2C200","width":350,"height":200},"classes":[]},{"id":2887,"url":"https:\/\/pedaleandalucia.com\/gb\/playa-del-arco\/","url_meta":{"origin":2977,"position":5},"title":"Playa del Arco","author":"asanchba","date":"November 4, 2025","format":false,"excerpt":"Belleza fosilizada","rel":"","context":"In &quot;Agua Amarga&quot;","block_context":{"text":"Agua Amarga","link":"https:\/\/pedaleandalucia.com\/gb\/category\/agua-amarga\/"},"img":{"alt_text":"","src":"https:\/\/i0.wp.com\/pedaleandalucia.com\/wp-content\/uploads\/2025\/11\/Playa-del-Arco.jpg?fit=1136%2C513&ssl=1&resize=350%2C200","width":350,"height":200,"srcset":"https:\/\/i0.wp.com\/pedaleandalucia.com\/wp-content\/uploads\/2025\/11\/Playa-del-Arco.jpg?fit=1136%2C513&ssl=1&resize=350%2C200 1x, https:\/\/i0.wp.com\/pedaleandalucia.com\/wp-content\/uploads\/2025\/11\/Playa-del-Arco.jpg?fit=1136%2C513&ssl=1&resize=525%2C300 1.5x, https:\/\/i0.wp.com\/pedaleandalucia.com\/wp-content\/uploads\/2025\/11\/Playa-del-Arco.jpg?fit=1136%2C513&ssl=1&resize=700%2C400 2x, https:\/\/i0.wp.com\/pedaleandalucia.com\/wp-content\/uploads\/2025\/11\/Playa-del-Arco.jpg?fit=1136%2C513&ssl=1&resize=1050%2C600 3x"},"classes":[]}],"_links":{"self":[{"href":"https:\/\/pedaleandalucia.com\/gb\/wp-json\/wp\/v2\/posts\/2977"}],"collection":[{"href":"https:\/\/pedaleandalucia.com\/gb\/wp-json\/wp\/v2\/posts"}],"about":[{"href":"https:\/\/pedaleandalucia.com\/gb\/wp-json\/wp\/v2\/types\/post"}],"author":[{"embeddable":true,"href":"https:\/\/pedaleandalucia.com\/gb\/wp-json\/wp\/v2\/users\/2"}],"replies":[{"embeddable":true,"href":"https:\/\/pedaleandalucia.com\/gb\/wp-json\/wp\/v2\/comments?post=2977"}],"version-history":[{"count":1,"href":"https:\/\/pedaleandalucia.com\/gb\/wp-json\/wp\/v2\/posts\/2977\/revisions"}],"predecessor-version":[{"id":2979,"href":"https:\/\/pedaleandalucia.com\/gb\/wp-json\/wp\/v2\/posts\/2977\/revisions\/2979"}],"wp:featuredmedia":[{"embeddable":true,"href":"https:\/\/pedaleandalucia.com\/gb\/wp-json\/wp\/v2\/media\/2978"}],"wp:attachment":[{"href":"https:\/\/pedaleandalucia.com\/gb\/wp-json\/wp\/v2\/media?parent=2977"}],"wp:term":[{"taxonomy":"category","embeddable":true,"href":"https:\/\/pedaleandalucia.com\/gb\/wp-json\/wp\/v2\/categories?post=2977"},{"taxonomy":"post_tag","embeddable":true,"href":"https:\/\/pedaleandalucia.com\/gb\/wp-json\/wp\/v2\/tags?post=2977"}],"curies":[{"name":"wp","href":"https:\/\/api.w.org\/{rel}","templated":true}]}}