{"id":2916,"date":"2025-11-21T08:24:00","date_gmt":"2025-11-21T08:24:00","guid":{"rendered":"https:\/\/pedaleandalucia.com\/?p=2916"},"modified":"2025-11-20T20:29:34","modified_gmt":"2025-11-20T20:29:34","slug":"pueblos-blancos-villaluenga-del-rosario","status":"publish","type":"post","link":"https:\/\/pedaleandalucia.com\/gb\/pueblos-blancos-villaluenga-del-rosario\/","title":{"rendered":"Pueblos Blancos. Villaluenga del Rosario"},"content":{"rendered":"\n<p>La salida desde Ubrique de la \u00faltima etapa de la Traves\u00eda BTT de Los Pueblos Blancos, nos llevar\u00e1 a trav\u00e9s de una larga subida hasta Villaluenga del Rosario. Cuna del famoso queso Payoyo, que es un aut\u00e9ntico s\u00edmbolo de la cultura serrana.<\/p>\n\n\n\n<p>Es el lugar perfecto para hacer la primera parada del d\u00eda, tomar un respiro y reponer fuerzas antes de continuar hacia los Llanos del Repubicano. <\/p>\n\n\n\n<figure class=\"wp-block-image size-large\"><a href=\"https:\/\/i0.wp.com\/pedaleandalucia.com\/wp-content\/uploads\/2025\/11\/villaluenga-2-scaled.jpg?ssl=1\"><img loading=\"lazy\" decoding=\"async\" width=\"580\" height=\"262\" data-attachment-id=\"2966\" data-permalink=\"https:\/\/pedaleandalucia.com\/gb\/pueblos-blancos-villaluenga-del-rosario\/villaluenga-2\/\" data-orig-file=\"https:\/\/i0.wp.com\/pedaleandalucia.com\/wp-content\/uploads\/2025\/11\/villaluenga-2-scaled.jpg?fit=2560%2C1155&amp;ssl=1\" data-orig-size=\"2560,1155\" data-comments-opened=\"0\" data-image-meta=\"{&quot;aperture&quot;:&quot;2.2&quot;,&quot;credit&quot;:&quot;&quot;,&quot;camera&quot;:&quot;OPPO A91&quot;,&quot;caption&quot;:&quot;&quot;,&quot;created_timestamp&quot;:&quot;1622295526&quot;,&quot;copyright&quot;:&quot;&quot;,&quot;focal_length&quot;:&quot;1.66&quot;,&quot;iso&quot;:&quot;104&quot;,&quot;shutter_speed&quot;:&quot;0.000673&quot;,&quot;title&quot;:&quot;&quot;,&quot;orientation&quot;:&quot;1&quot;}\" data-image-title=\"villaluenga-2\" data-image-description=\"\" data-image-caption=\"\" data-medium-file=\"https:\/\/i0.wp.com\/pedaleandalucia.com\/wp-content\/uploads\/2025\/11\/villaluenga-2-scaled.jpg?fit=300%2C135&amp;ssl=1\" data-large-file=\"https:\/\/i0.wp.com\/pedaleandalucia.com\/wp-content\/uploads\/2025\/11\/villaluenga-2-scaled.jpg?fit=580%2C262&amp;ssl=1\" src=\"https:\/\/i0.wp.com\/pedaleandalucia.com\/wp-content\/uploads\/2025\/11\/villaluenga-2.jpg?resize=580%2C262&#038;ssl=1\" alt=\"\" class=\"wp-image-2966\" srcset=\"https:\/\/i0.wp.com\/pedaleandalucia.com\/wp-content\/uploads\/2025\/11\/villaluenga-2-scaled.jpg?resize=1024%2C462&amp;ssl=1 1024w, https:\/\/i0.wp.com\/pedaleandalucia.com\/wp-content\/uploads\/2025\/11\/villaluenga-2-scaled.jpg?resize=300%2C135&amp;ssl=1 300w, https:\/\/i0.wp.com\/pedaleandalucia.com\/wp-content\/uploads\/2025\/11\/villaluenga-2-scaled.jpg?resize=768%2C346&amp;ssl=1 768w, https:\/\/i0.wp.com\/pedaleandalucia.com\/wp-content\/uploads\/2025\/11\/villaluenga-2-scaled.jpg?resize=1536%2C693&amp;ssl=1 1536w, https:\/\/i0.wp.com\/pedaleandalucia.com\/wp-content\/uploads\/2025\/11\/villaluenga-2-scaled.jpg?resize=2048%2C924&amp;ssl=1 2048w, https:\/\/i0.wp.com\/pedaleandalucia.com\/wp-content\/uploads\/2025\/11\/villaluenga-2-scaled.jpg?resize=1200%2C541&amp;ssl=1 1200w, https:\/\/i0.wp.com\/pedaleandalucia.com\/wp-content\/uploads\/2025\/11\/villaluenga-2-scaled.jpg?resize=1980%2C893&amp;ssl=1 1980w, https:\/\/i0.wp.com\/pedaleandalucia.com\/wp-content\/uploads\/2025\/11\/villaluenga-2-scaled.jpg?w=1740&amp;ssl=1 1740w\" sizes=\"(max-width: 580px) 100vw, 580px\" data-recalc-dims=\"1\" \/><\/a><\/figure>\n","protected":false},"excerpt":{"rendered":"<p>El pueblo m\u00e1s alto de la Serran\u00eda de C\u00e1diz.<\/p>\n","protected":false},"author":2,"featured_media":2966,"comment_status":"closed","ping_status":"closed","sticky":false,"template":"","format":"standard","meta":{"_coblocks_attr":"","_coblocks_dimensions":"","_coblocks_responsive_height":"","_coblocks_accordion_ie_support":"","_uag_custom_page_level_css":"","jetpack_post_was_ever_published":false,"_jetpack_newsletter_access":"","_jetpack_newsletter_tier_id":0,"footnotes":"","jetpack_publicize_message":"","jetpack_is_tweetstorm":false,"jetpack_publicize_feature_enabled":true,"jetpack_social_post_already_shared":true,"jetpack_social_options":{"image_generator_settings":{"template":"highway","enabled":false}}},"categories":[127,68,126,58,125,33,88,147,128,32,157],"tags":[85,23,83,27,59,69,26],"translation":{"provider":"WPGlobus","version":"3.0.0","language":"gb","enabled_languages":["es","gb"],"languages":{"es":{"title":true,"content":true,"excerpt":true},"gb":{"title":false,"content":false,"excerpt":false}}},"jetpack_publicize_connections":[],"featured_image_urls":{"full":["https:\/\/i0.wp.com\/pedaleandalucia.com\/wp-content\/uploads\/2025\/11\/villaluenga-2-scaled.jpg?fit=2560%2C1155&ssl=1",2560,1155,false],"thumbnail":["https:\/\/i0.wp.com\/pedaleandalucia.com\/wp-content\/uploads\/2025\/11\/villaluenga-2-scaled.jpg?resize=150%2C150&ssl=1",150,150,true],"medium":["https:\/\/i0.wp.com\/pedaleandalucia.com\/wp-content\/uploads\/2025\/11\/villaluenga-2-scaled.jpg?fit=300%2C135&ssl=1",300,135,true],"medium_large":["https:\/\/i0.wp.com\/pedaleandalucia.com\/wp-content\/uploads\/2025\/11\/villaluenga-2-scaled.jpg?fit=580%2C261&ssl=1",580,261,true],"large":["https:\/\/i0.wp.com\/pedaleandalucia.com\/wp-content\/uploads\/2025\/11\/villaluenga-2-scaled.jpg?fit=580%2C262&ssl=1",580,262,true],"1536x1536":["https:\/\/i0.wp.com\/pedaleandalucia.com\/wp-content\/uploads\/2025\/11\/villaluenga-2-scaled.jpg?fit=1536%2C693&ssl=1",1536,693,true],"2048x2048":["https:\/\/i0.wp.com\/pedaleandalucia.com\/wp-content\/uploads\/2025\/11\/villaluenga-2-scaled.jpg?fit=2048%2C924&ssl=1",2048,924,true],"post-thumbnail":["https:\/\/i0.wp.com\/pedaleandalucia.com\/wp-content\/uploads\/2025\/11\/villaluenga-2-scaled.jpg?fit=1200%2C541&ssl=1",1200,541,true],"twentytwenty-fullscreen":["https:\/\/i0.wp.com\/pedaleandalucia.com\/wp-content\/uploads\/2025\/11\/villaluenga-2-scaled.jpg?fit=1980%2C893&ssl=1",1980,893,true],"pedalea-landscape":["https:\/\/i0.wp.com\/pedaleandalucia.com\/wp-content\/uploads\/2025\/11\/villaluenga-2-scaled.jpg?resize=500%2C250&ssl=1",500,250,true]},"post_excerpt_stackable":"<p>El pueblo m\u00e1s alto de la Serran\u00eda de C\u00e1diz.<\/p>\n","category_list":"<a href=\"https:\/\/pedaleandalucia.com\/gb\/category\/cadiz\/\" rel=\"category tag\">Cadiz<\/a>, <a href=\"https:\/\/pedaleandalucia.com\/gb\/category\/cicloturismo\/\" rel=\"category tag\">cicloturismo<\/a>, <a href=\"https:\/\/pedaleandalucia.com\/gb\/category\/malaga\/\" rel=\"category tag\">M\u00e1laga<\/a>, <a href=\"https:\/\/pedaleandalucia.com\/gb\/category\/pueblos-blancos\/\" rel=\"category tag\">Pueblos Blancos<\/a>, <a href=\"https:\/\/pedaleandalucia.com\/gb\/category\/ronda\/\" rel=\"category tag\">ronda<\/a>, <a href=\"https:\/\/pedaleandalucia.com\/gb\/category\/rutas-btt\/\" rel=\"category tag\">rutas btt<\/a>, <a href=\"https:\/\/pedaleandalucia.com\/gb\/category\/sacacorchos\/\" rel=\"category tag\">Sacacorchos<\/a>, <a href=\"https:\/\/pedaleandalucia.com\/gb\/category\/serrania-de-cadiz\/\" rel=\"category tag\">Serran\u00eda de C\u00e1diz<\/a>, <a href=\"https:\/\/pedaleandalucia.com\/gb\/category\/serrania-de-ronda\/\" rel=\"category tag\">serrania de Ronda<\/a>, <a href=\"https:\/\/pedaleandalucia.com\/gb\/category\/travesias-btt\/\" rel=\"category tag\">traves\u00edas btt<\/a>, <a href=\"https:\/\/pedaleandalucia.com\/gb\/category\/villaluenga-del-rosario\/\" rel=\"category tag\">villaluenga del Rosario<\/a>","author_info":{"name":"asanchba","url":"https:\/\/pedaleandalucia.com\/gb\/author\/asanchba\/"},"comments_num":"0 comments","featured_image_urls_v2":{"full":["https:\/\/i0.wp.com\/pedaleandalucia.com\/wp-content\/uploads\/2025\/11\/villaluenga-2-scaled.jpg?fit=2560%2C1155&ssl=1",2560,1155,false],"thumbnail":["https:\/\/i0.wp.com\/pedaleandalucia.com\/wp-content\/uploads\/2025\/11\/villaluenga-2-scaled.jpg?resize=150%2C150&ssl=1",150,150,true],"medium":["https:\/\/i0.wp.com\/pedaleandalucia.com\/wp-content\/uploads\/2025\/11\/villaluenga-2-scaled.jpg?fit=300%2C135&ssl=1",300,135,true],"medium_large":["https:\/\/i0.wp.com\/pedaleandalucia.com\/wp-content\/uploads\/2025\/11\/villaluenga-2-scaled.jpg?fit=580%2C261&ssl=1",580,261,true],"large":["https:\/\/i0.wp.com\/pedaleandalucia.com\/wp-content\/uploads\/2025\/11\/villaluenga-2-scaled.jpg?fit=580%2C262&ssl=1",580,262,true],"1536x1536":["https:\/\/i0.wp.com\/pedaleandalucia.com\/wp-content\/uploads\/2025\/11\/villaluenga-2-scaled.jpg?fit=1536%2C693&ssl=1",1536,693,true],"2048x2048":["https:\/\/i0.wp.com\/pedaleandalucia.com\/wp-content\/uploads\/2025\/11\/villaluenga-2-scaled.jpg?fit=2048%2C924&ssl=1",2048,924,true],"post-thumbnail":["https:\/\/i0.wp.com\/pedaleandalucia.com\/wp-content\/uploads\/2025\/11\/villaluenga-2-scaled.jpg?fit=1200%2C541&ssl=1",1200,541,true],"twentytwenty-fullscreen":["https:\/\/i0.wp.com\/pedaleandalucia.com\/wp-content\/uploads\/2025\/11\/villaluenga-2-scaled.jpg?fit=1980%2C893&ssl=1",1980,893,true],"pedalea-landscape":["https:\/\/i0.wp.com\/pedaleandalucia.com\/wp-content\/uploads\/2025\/11\/villaluenga-2-scaled.jpg?resize=500%2C250&ssl=1",500,250,true]},"post_excerpt_stackable_v2":"<p>El pueblo m\u00e1s alto de la Serran\u00eda de C\u00e1diz.<\/p>\n","category_list_v2":"<a href=\"https:\/\/pedaleandalucia.com\/gb\/category\/cadiz\/\" rel=\"category tag\">Cadiz<\/a>, <a href=\"https:\/\/pedaleandalucia.com\/gb\/category\/cicloturismo\/\" rel=\"category tag\">cicloturismo<\/a>, <a href=\"https:\/\/pedaleandalucia.com\/gb\/category\/malaga\/\" rel=\"category tag\">M\u00e1laga<\/a>, <a href=\"https:\/\/pedaleandalucia.com\/gb\/category\/pueblos-blancos\/\" rel=\"category tag\">Pueblos Blancos<\/a>, <a href=\"https:\/\/pedaleandalucia.com\/gb\/category\/ronda\/\" rel=\"category tag\">ronda<\/a>, <a href=\"https:\/\/pedaleandalucia.com\/gb\/category\/rutas-btt\/\" rel=\"category tag\">rutas btt<\/a>, <a href=\"https:\/\/pedaleandalucia.com\/gb\/category\/sacacorchos\/\" rel=\"category tag\">Sacacorchos<\/a>, <a href=\"https:\/\/pedaleandalucia.com\/gb\/category\/serrania-de-cadiz\/\" rel=\"category tag\">Serran\u00eda de C\u00e1diz<\/a>, <a href=\"https:\/\/pedaleandalucia.com\/gb\/category\/serrania-de-ronda\/\" rel=\"category tag\">serrania de Ronda<\/a>, <a href=\"https:\/\/pedaleandalucia.com\/gb\/category\/travesias-btt\/\" rel=\"category tag\">traves\u00edas btt<\/a>, <a href=\"https:\/\/pedaleandalucia.com\/gb\/category\/villaluenga-del-rosario\/\" rel=\"category tag\">villaluenga del Rosario<\/a>","author_info_v2":{"name":"asanchba","url":"https:\/\/pedaleandalucia.com\/gb\/author\/asanchba\/"},"comments_num_v2":"0 comments","jetpack_featured_media_url":"https:\/\/i0.wp.com\/pedaleandalucia.com\/wp-content\/uploads\/2025\/11\/villaluenga-2-scaled.jpg?fit=2560%2C1155&ssl=1","uagb_featured_image_src":{"full":["https:\/\/i0.wp.com\/pedaleandalucia.com\/wp-content\/uploads\/2025\/11\/villaluenga-2-scaled.jpg?fit=2560%2C1155&ssl=1",2560,1155,false],"thumbnail":["https:\/\/i0.wp.com\/pedaleandalucia.com\/wp-content\/uploads\/2025\/11\/villaluenga-2-scaled.jpg?resize=150%2C150&ssl=1",150,150,true],"medium":["https:\/\/i0.wp.com\/pedaleandalucia.com\/wp-content\/uploads\/2025\/11\/villaluenga-2-scaled.jpg?fit=300%2C135&ssl=1",300,135,true],"medium_large":["https:\/\/i0.wp.com\/pedaleandalucia.com\/wp-content\/uploads\/2025\/11\/villaluenga-2-scaled.jpg?fit=580%2C261&ssl=1",580,261,true],"large":["https:\/\/i0.wp.com\/pedaleandalucia.com\/wp-content\/uploads\/2025\/11\/villaluenga-2-scaled.jpg?fit=580%2C262&ssl=1",580,262,true],"1536x1536":["https:\/\/i0.wp.com\/pedaleandalucia.com\/wp-content\/uploads\/2025\/11\/villaluenga-2-scaled.jpg?fit=1536%2C693&ssl=1",1536,693,true],"2048x2048":["https:\/\/i0.wp.com\/pedaleandalucia.com\/wp-content\/uploads\/2025\/11\/villaluenga-2-scaled.jpg?fit=2048%2C924&ssl=1",2048,924,true],"post-thumbnail":["https:\/\/i0.wp.com\/pedaleandalucia.com\/wp-content\/uploads\/2025\/11\/villaluenga-2-scaled.jpg?fit=1200%2C541&ssl=1",1200,541,true],"twentytwenty-fullscreen":["https:\/\/i0.wp.com\/pedaleandalucia.com\/wp-content\/uploads\/2025\/11\/villaluenga-2-scaled.jpg?fit=1980%2C893&ssl=1",1980,893,true],"pedalea-landscape":["https:\/\/i0.wp.com\/pedaleandalucia.com\/wp-content\/uploads\/2025\/11\/villaluenga-2-scaled.jpg?resize=500%2C250&ssl=1",500,250,true]},"uagb_author_info":{"display_name":"asanchba","author_link":"https:\/\/pedaleandalucia.com\/gb\/author\/asanchba\/"},"uagb_comment_info":0,"uagb_excerpt":"El pueblo m\u00e1s alto de la Serran\u00eda de C\u00e1diz.","jetpack_sharing_enabled":true,"jetpack_shortlink":"https:\/\/wp.me\/p2Lg6v-L2","jetpack-related-posts":[{"id":3045,"url":"https:\/\/pedaleandalucia.com\/gb\/ronda-comieza-la-aventura\/","url_meta":{"origin":2916,"position":0},"title":"Ronda, comieza la aventura.","author":"asanchba","date":"February 17, 2026","format":false,"excerpt":"Ronda es el punto de partida. Cuatro d\u00edas de aventura, esfuerzo y paisajes inolvidables te esperan en la Traves\u00eda BTT de los Pueblos Blancos. MTB en estado puro ???? #Cicloturismo #MTB #PueblosBlancos","rel":"","context":"In &quot;Cadiz&quot;","block_context":{"text":"Cadiz","link":"https:\/\/pedaleandalucia.com\/gb\/category\/cadiz\/"},"img":{"alt_text":"ruta btt Ronda - Cortes de la Frontera","src":"https:\/\/i0.wp.com\/pedaleandalucia.com\/wp-content\/uploads\/2026\/02\/WhatsApp-Image-2026-02-10-at-18.44.28-e1770747153658.jpeg?fit=400%2C533&ssl=1&resize=350%2C200","width":350,"height":200},"classes":[]},{"id":3042,"url":"https:\/\/pedaleandalucia.com\/gb\/alcornocales\/","url_meta":{"origin":2916,"position":1},"title":"Alcornocales","author":"asanchba","date":"February 13, 2026","format":false,"excerpt":"La Traves\u00eda BTT de los Pueblos Blancos combina la belleza de sus pueblos encalados con uno de los mayores alcornocales de Espa\u00f1a. Pedalear entre alcornoques descorchados es una imagen que no se olvida. #PueblosBlancos #BTTAndaluc\u00eda #Cicloturismo","rel":"","context":"In &quot;Cadiz&quot;","block_context":{"text":"Cadiz","link":"https:\/\/pedaleandalucia.com\/gb\/category\/cadiz\/"},"img":{"alt_text":"Etapa BTT Ronda - Cortes de la Frontera","src":"https:\/\/i0.wp.com\/pedaleandalucia.com\/wp-content\/uploads\/2026\/02\/WhatsApp-Image-2026-02-10-at-18.45.10-e1770746399827.jpeg?fit=400%2C885&ssl=1&resize=350%2C200","width":350,"height":200},"classes":[]},{"id":3078,"url":"https:\/\/pedaleandalucia.com\/gb\/travesia-btt-de-los-pueblos-blancos-naturaleza-historia-y-autentico-mtb-en-andalucia\/","url_meta":{"origin":2916,"position":2},"title":"Traves\u00eda BTT de los Pueblos Blancos: naturaleza, historia y aut\u00e9ntico MTB en Andaluc\u00eda","author":"asanchba","date":"March 17, 2026","format":false,"excerpt":"No es solo pedalear. Es atravesar monta\u00f1as, llegar a pueblos encalados y sentir que cada etapa cuenta una historia. La Traves\u00eda BTT Pueblos Blancos es MTB en estado puro","rel":"","context":"In &quot;Cadiz&quot;","block_context":{"text":"Cadiz","link":"https:\/\/pedaleandalucia.com\/gb\/category\/cadiz\/"},"img":{"alt_text":"Traves\u00eda BTT Pueblos Blancos","src":"https:\/\/i0.wp.com\/pedaleandalucia.com\/wp-content\/uploads\/2026\/03\/Ronda-2.jpg?fit=491%2C655&ssl=1&resize=350%2C200","width":350,"height":200},"classes":[]},{"id":2980,"url":"https:\/\/pedaleandalucia.com\/gb\/un-ano-de-muchos-kms-recorridos-y-los-que-vendran\/","url_meta":{"origin":2916,"position":3},"title":"Un a\u00f1o de muchos kms recorridos&#8230; Y los que vendr\u00e1n !","author":"asanchba","date":"December 30, 2025","format":false,"excerpt":"2026: NUEVOS RETOS, MISMA PASI\u00d3N","rel":"","context":"In &quot;Agua Amarga&quot;","block_context":{"text":"Agua Amarga","link":"https:\/\/pedaleandalucia.com\/gb\/category\/agua-amarga\/"},"img":{"alt_text":"","src":"https:\/\/i0.wp.com\/pedaleandalucia.com\/wp-content\/uploads\/2025\/12\/ChatGPT-Image-23-dic-2025-13_46_11.png?fit=1200%2C800&ssl=1&resize=350%2C200","width":350,"height":200,"srcset":"https:\/\/i0.wp.com\/pedaleandalucia.com\/wp-content\/uploads\/2025\/12\/ChatGPT-Image-23-dic-2025-13_46_11.png?fit=1200%2C800&ssl=1&resize=350%2C200 1x, https:\/\/i0.wp.com\/pedaleandalucia.com\/wp-content\/uploads\/2025\/12\/ChatGPT-Image-23-dic-2025-13_46_11.png?fit=1200%2C800&ssl=1&resize=525%2C300 1.5x, https:\/\/i0.wp.com\/pedaleandalucia.com\/wp-content\/uploads\/2025\/12\/ChatGPT-Image-23-dic-2025-13_46_11.png?fit=1200%2C800&ssl=1&resize=700%2C400 2x, https:\/\/i0.wp.com\/pedaleandalucia.com\/wp-content\/uploads\/2025\/12\/ChatGPT-Image-23-dic-2025-13_46_11.png?fit=1200%2C800&ssl=1&resize=1050%2C600 3x"},"classes":[]},{"id":2826,"url":"https:\/\/pedaleandalucia.com\/gb\/ronda-comiezo-de-la-sacacorchos\/","url_meta":{"origin":2916,"position":4},"title":"Ronda. Comiezo de la Sacacorchos.","author":"asanchba","date":"March 18, 2025","format":false,"excerpt":"Ronda, Comienzo de la Sacacorchos.","rel":"","context":"In &quot;Cadiz&quot;","block_context":{"text":"Cadiz","link":"https:\/\/pedaleandalucia.com\/gb\/category\/cadiz\/"},"img":{"alt_text":"","src":"https:\/\/i0.wp.com\/pedaleandalucia.com\/wp-content\/uploads\/2025\/03\/Ronda-5.jpg?fit=491%2C655&ssl=1&resize=350%2C200","width":350,"height":200},"classes":[]},{"id":2667,"url":"https:\/\/pedaleandalucia.com\/gb\/travesia-btt-de-los-pueblos-blancos\/","url_meta":{"origin":2916,"position":5},"title":"Traves\u00eda BTT de los Pueblos Blancos","author":"asanchba","date":"January 25, 2023","format":false,"excerpt":"Por aqu\u00ed corremos los San Fermines a nuestra manera :)","rel":"","context":"In &quot;bicicleta el\u00e9ctrica&quot;","block_context":{"text":"bicicleta el\u00e9ctrica","link":"https:\/\/pedaleandalucia.com\/gb\/category\/bicicleta-electrica\/"},"img":{"alt_text":"","src":"https:\/\/i0.wp.com\/pedaleandalucia.com\/wp-content\/uploads\/2023\/01\/IMG-20210608-WA0017.jpg?fit=958%2C857&ssl=1&resize=350%2C200","width":350,"height":200,"srcset":"https:\/\/i0.wp.com\/pedaleandalucia.com\/wp-content\/uploads\/2023\/01\/IMG-20210608-WA0017.jpg?fit=958%2C857&ssl=1&resize=350%2C200 1x, https:\/\/i0.wp.com\/pedaleandalucia.com\/wp-content\/uploads\/2023\/01\/IMG-20210608-WA0017.jpg?fit=958%2C857&ssl=1&resize=525%2C300 1.5x, https:\/\/i0.wp.com\/pedaleandalucia.com\/wp-content\/uploads\/2023\/01\/IMG-20210608-WA0017.jpg?fit=958%2C857&ssl=1&resize=700%2C400 2x"},"classes":[]}],"_links":{"self":[{"href":"https:\/\/pedaleandalucia.com\/gb\/wp-json\/wp\/v2\/posts\/2916"}],"collection":[{"href":"https:\/\/pedaleandalucia.com\/gb\/wp-json\/wp\/v2\/posts"}],"about":[{"href":"https:\/\/pedaleandalucia.com\/gb\/wp-json\/wp\/v2\/types\/post"}],"author":[{"embeddable":true,"href":"https:\/\/pedaleandalucia.com\/gb\/wp-json\/wp\/v2\/users\/2"}],"replies":[{"embeddable":true,"href":"https:\/\/pedaleandalucia.com\/gb\/wp-json\/wp\/v2\/comments?post=2916"}],"version-history":[{"count":4,"href":"https:\/\/pedaleandalucia.com\/gb\/wp-json\/wp\/v2\/posts\/2916\/revisions"}],"predecessor-version":[{"id":2970,"href":"https:\/\/pedaleandalucia.com\/gb\/wp-json\/wp\/v2\/posts\/2916\/revisions\/2970"}],"wp:featuredmedia":[{"embeddable":true,"href":"https:\/\/pedaleandalucia.com\/gb\/wp-json\/wp\/v2\/media\/2966"}],"wp:attachment":[{"href":"https:\/\/pedaleandalucia.com\/gb\/wp-json\/wp\/v2\/media?parent=2916"}],"wp:term":[{"taxonomy":"category","embeddable":true,"href":"https:\/\/pedaleandalucia.com\/gb\/wp-json\/wp\/v2\/categories?post=2916"},{"taxonomy":"post_tag","embeddable":true,"href":"https:\/\/pedaleandalucia.com\/gb\/wp-json\/wp\/v2\/tags?post=2916"}],"curies":[{"name":"wp","href":"https:\/\/api.w.org\/{rel}","templated":true}]}}