{"id":2891,"date":"2025-11-06T17:34:00","date_gmt":"2025-11-06T17:34:00","guid":{"rendered":"https:\/\/pedaleandalucia.com\/?p=2891"},"modified":"2025-11-07T10:35:34","modified_gmt":"2025-11-07T10:35:34","slug":"almeria-desert-gravel","status":"publish","type":"post","link":"https:\/\/pedaleandalucia.com\/gb\/almeria-desert-gravel\/","title":{"rendered":"Almer\u00eda Desert Gravel"},"content":{"rendered":"\n<p>Hac\u00eda tiempo que no public\u00e1bamos nada sobre nuestra ruta gravel, y ahora es uno de los mejores momentos para disfrutarla. <\/p>\n\n\n\n<p>Este territorio, a veces in\u00f3spito y duro, pero lleno de paisajes \u00fanicos y de una cultura de resistencia y adaptaci\u00f3n, se vive de una forma especial sobre la bici.<\/p>\n\n\n\n<p>Lo mejor del gravel como ya sab\u00e9is, es la libertad que te proporciona: recorrer grandes extensiones en poco tiempo y sentir como el paisaje cambia a cada pedalada.<\/p>\n\n\n\n<p>En la Almer\u00eda Desert Gravel, puedes pasar de unas playas paradis\u00edacas a zonas semi\u00e1ridas, o des\u00e9rticas del interior de Almer\u00eda, en una misma etapa. Una experiencia que te hacer entender de verdad la vida y el esp\u00edritu de Almer\u00eda.<\/p>\n\n\n\n<figure class=\"wp-block-image size-large\"><a href=\"https:\/\/i0.wp.com\/pedaleandalucia.com\/wp-content\/uploads\/2025\/11\/gravel-cala-plomo.jpg?ssl=1\"><img loading=\"lazy\" decoding=\"async\" width=\"580\" height=\"262\" data-attachment-id=\"2892\" data-permalink=\"https:\/\/pedaleandalucia.com\/gb\/almeria-desert-gravel\/gravel-cala-plomo\/\" data-orig-file=\"https:\/\/i0.wp.com\/pedaleandalucia.com\/wp-content\/uploads\/2025\/11\/gravel-cala-plomo.jpg?fit=1136%2C513&amp;ssl=1\" data-orig-size=\"1136,513\" data-comments-opened=\"0\" data-image-meta=\"{&quot;aperture&quot;:&quot;0&quot;,&quot;credit&quot;:&quot;&quot;,&quot;camera&quot;:&quot;&quot;,&quot;caption&quot;:&quot;&quot;,&quot;created_timestamp&quot;:&quot;0&quot;,&quot;copyright&quot;:&quot;&quot;,&quot;focal_length&quot;:&quot;0&quot;,&quot;iso&quot;:&quot;0&quot;,&quot;shutter_speed&quot;:&quot;0&quot;,&quot;title&quot;:&quot;&quot;,&quot;orientation&quot;:&quot;0&quot;}\" data-image-title=\"gravel-cala-plomo\" data-image-description=\"\" data-image-caption=\"\" data-medium-file=\"https:\/\/i0.wp.com\/pedaleandalucia.com\/wp-content\/uploads\/2025\/11\/gravel-cala-plomo.jpg?fit=300%2C135&amp;ssl=1\" data-large-file=\"https:\/\/i0.wp.com\/pedaleandalucia.com\/wp-content\/uploads\/2025\/11\/gravel-cala-plomo.jpg?fit=580%2C262&amp;ssl=1\" src=\"https:\/\/i0.wp.com\/pedaleandalucia.com\/wp-content\/uploads\/2025\/11\/gravel-cala-plomo.jpg?resize=580%2C262&#038;ssl=1\" alt=\"\" class=\"wp-image-2892\" srcset=\"https:\/\/i0.wp.com\/pedaleandalucia.com\/wp-content\/uploads\/2025\/11\/gravel-cala-plomo.jpg?resize=1024%2C462&amp;ssl=1 1024w, https:\/\/i0.wp.com\/pedaleandalucia.com\/wp-content\/uploads\/2025\/11\/gravel-cala-plomo.jpg?resize=300%2C135&amp;ssl=1 300w, https:\/\/i0.wp.com\/pedaleandalucia.com\/wp-content\/uploads\/2025\/11\/gravel-cala-plomo.jpg?resize=768%2C347&amp;ssl=1 768w, https:\/\/i0.wp.com\/pedaleandalucia.com\/wp-content\/uploads\/2025\/11\/gravel-cala-plomo.jpg?w=1136&amp;ssl=1 1136w\" sizes=\"(max-width: 580px) 100vw, 580px\" data-recalc-dims=\"1\" \/><\/a><\/figure>\n","protected":false},"excerpt":{"rendered":"<p>Descubre la esencia de Almer\u00eda<\/p>\n","protected":false},"author":2,"featured_media":2892,"comment_status":"closed","ping_status":"closed","sticky":false,"template":"","format":"standard","meta":{"_coblocks_attr":"","_coblocks_dimensions":"","_coblocks_responsive_height":"","_coblocks_accordion_ie_support":"","_uag_custom_page_level_css":"","jetpack_post_was_ever_published":false,"_jetpack_newsletter_access":"","_jetpack_newsletter_tier_id":0,"footnotes":"","jetpack_publicize_message":"","jetpack_is_tweetstorm":false,"jetpack_publicize_feature_enabled":true,"jetpack_social_post_already_shared":true,"jetpack_social_options":{"image_generator_settings":{"template":"highway","enabled":false}}},"categories":[140,141,51,68,142,139,137],"tags":[149,151,85,83,143,144,152],"translation":{"provider":"WPGlobus","version":"3.0.0","language":"gb","enabled_languages":["es","gb"],"languages":{"es":{"title":true,"content":true,"excerpt":true},"gb":{"title":false,"content":false,"excerpt":false}}},"jetpack_publicize_connections":[],"featured_image_urls":{"full":["https:\/\/i0.wp.com\/pedaleandalucia.com\/wp-content\/uploads\/2025\/11\/gravel-cala-plomo.jpg?fit=1136%2C513&ssl=1",1136,513,false],"thumbnail":["https:\/\/i0.wp.com\/pedaleandalucia.com\/wp-content\/uploads\/2025\/11\/gravel-cala-plomo.jpg?resize=150%2C150&ssl=1",150,150,true],"medium":["https:\/\/i0.wp.com\/pedaleandalucia.com\/wp-content\/uploads\/2025\/11\/gravel-cala-plomo.jpg?fit=300%2C135&ssl=1",300,135,true],"medium_large":["https:\/\/i0.wp.com\/pedaleandalucia.com\/wp-content\/uploads\/2025\/11\/gravel-cala-plomo.jpg?fit=580%2C262&ssl=1",580,262,true],"large":["https:\/\/i0.wp.com\/pedaleandalucia.com\/wp-content\/uploads\/2025\/11\/gravel-cala-plomo.jpg?fit=580%2C262&ssl=1",580,262,true],"1536x1536":["https:\/\/i0.wp.com\/pedaleandalucia.com\/wp-content\/uploads\/2025\/11\/gravel-cala-plomo.jpg?fit=1136%2C513&ssl=1",1136,513,true],"2048x2048":["https:\/\/i0.wp.com\/pedaleandalucia.com\/wp-content\/uploads\/2025\/11\/gravel-cala-plomo.jpg?fit=1136%2C513&ssl=1",1136,513,true],"post-thumbnail":["https:\/\/i0.wp.com\/pedaleandalucia.com\/wp-content\/uploads\/2025\/11\/gravel-cala-plomo.jpg?fit=1136%2C513&ssl=1",1136,513,true],"twentytwenty-fullscreen":["https:\/\/i0.wp.com\/pedaleandalucia.com\/wp-content\/uploads\/2025\/11\/gravel-cala-plomo.jpg?fit=1136%2C513&ssl=1",1136,513,true],"pedalea-landscape":["https:\/\/i0.wp.com\/pedaleandalucia.com\/wp-content\/uploads\/2025\/11\/gravel-cala-plomo.jpg?resize=500%2C250&ssl=1",500,250,true]},"post_excerpt_stackable":"<p>Descubre la esencia de Almer\u00eda<\/p>\n","category_list":"<a href=\"https:\/\/pedaleandalucia.com\/gb\/category\/agua-amarga\/\" rel=\"category tag\">Agua Amarga<\/a>, <a href=\"https:\/\/pedaleandalucia.com\/gb\/category\/almeria\/\" rel=\"category tag\">Almer\u00eda<\/a>, <a href=\"https:\/\/pedaleandalucia.com\/gb\/category\/cabo-de-gata-2\/\" rel=\"category tag\">Cabo de Gata<\/a>, <a href=\"https:\/\/pedaleandalucia.com\/gb\/category\/cicloturismo\/\" rel=\"category tag\">cicloturismo<\/a>, <a href=\"https:\/\/pedaleandalucia.com\/gb\/category\/gravel\/\" rel=\"category tag\">gravel<\/a>, <a href=\"https:\/\/pedaleandalucia.com\/gb\/category\/las-negras\/\" rel=\"category tag\">Las Negras<\/a>, <a href=\"https:\/\/pedaleandalucia.com\/gb\/category\/playa-de-los-genoveses\/\" rel=\"category tag\">Playa de los Genoveses<\/a>","author_info":{"name":"asanchba","url":"https:\/\/pedaleandalucia.com\/gb\/author\/asanchba\/"},"comments_num":"0 comments","featured_image_urls_v2":{"full":["https:\/\/i0.wp.com\/pedaleandalucia.com\/wp-content\/uploads\/2025\/11\/gravel-cala-plomo.jpg?fit=1136%2C513&ssl=1",1136,513,false],"thumbnail":["https:\/\/i0.wp.com\/pedaleandalucia.com\/wp-content\/uploads\/2025\/11\/gravel-cala-plomo.jpg?resize=150%2C150&ssl=1",150,150,true],"medium":["https:\/\/i0.wp.com\/pedaleandalucia.com\/wp-content\/uploads\/2025\/11\/gravel-cala-plomo.jpg?fit=300%2C135&ssl=1",300,135,true],"medium_large":["https:\/\/i0.wp.com\/pedaleandalucia.com\/wp-content\/uploads\/2025\/11\/gravel-cala-plomo.jpg?fit=580%2C262&ssl=1",580,262,true],"large":["https:\/\/i0.wp.com\/pedaleandalucia.com\/wp-content\/uploads\/2025\/11\/gravel-cala-plomo.jpg?fit=580%2C262&ssl=1",580,262,true],"1536x1536":["https:\/\/i0.wp.com\/pedaleandalucia.com\/wp-content\/uploads\/2025\/11\/gravel-cala-plomo.jpg?fit=1136%2C513&ssl=1",1136,513,true],"2048x2048":["https:\/\/i0.wp.com\/pedaleandalucia.com\/wp-content\/uploads\/2025\/11\/gravel-cala-plomo.jpg?fit=1136%2C513&ssl=1",1136,513,true],"post-thumbnail":["https:\/\/i0.wp.com\/pedaleandalucia.com\/wp-content\/uploads\/2025\/11\/gravel-cala-plomo.jpg?fit=1136%2C513&ssl=1",1136,513,true],"twentytwenty-fullscreen":["https:\/\/i0.wp.com\/pedaleandalucia.com\/wp-content\/uploads\/2025\/11\/gravel-cala-plomo.jpg?fit=1136%2C513&ssl=1",1136,513,true],"pedalea-landscape":["https:\/\/i0.wp.com\/pedaleandalucia.com\/wp-content\/uploads\/2025\/11\/gravel-cala-plomo.jpg?resize=500%2C250&ssl=1",500,250,true]},"post_excerpt_stackable_v2":"<p>Descubre la esencia de Almer\u00eda<\/p>\n","category_list_v2":"<a href=\"https:\/\/pedaleandalucia.com\/gb\/category\/agua-amarga\/\" rel=\"category tag\">Agua Amarga<\/a>, <a href=\"https:\/\/pedaleandalucia.com\/gb\/category\/almeria\/\" rel=\"category tag\">Almer\u00eda<\/a>, <a href=\"https:\/\/pedaleandalucia.com\/gb\/category\/cabo-de-gata-2\/\" rel=\"category tag\">Cabo de Gata<\/a>, <a href=\"https:\/\/pedaleandalucia.com\/gb\/category\/cicloturismo\/\" rel=\"category tag\">cicloturismo<\/a>, <a href=\"https:\/\/pedaleandalucia.com\/gb\/category\/gravel\/\" rel=\"category tag\">gravel<\/a>, <a href=\"https:\/\/pedaleandalucia.com\/gb\/category\/las-negras\/\" rel=\"category tag\">Las Negras<\/a>, <a href=\"https:\/\/pedaleandalucia.com\/gb\/category\/playa-de-los-genoveses\/\" rel=\"category tag\">Playa de los Genoveses<\/a>","author_info_v2":{"name":"asanchba","url":"https:\/\/pedaleandalucia.com\/gb\/author\/asanchba\/"},"comments_num_v2":"0 comments","jetpack_featured_media_url":"https:\/\/i0.wp.com\/pedaleandalucia.com\/wp-content\/uploads\/2025\/11\/gravel-cala-plomo.jpg?fit=1136%2C513&ssl=1","uagb_featured_image_src":{"full":["https:\/\/i0.wp.com\/pedaleandalucia.com\/wp-content\/uploads\/2025\/11\/gravel-cala-plomo.jpg?fit=1136%2C513&ssl=1",1136,513,false],"thumbnail":["https:\/\/i0.wp.com\/pedaleandalucia.com\/wp-content\/uploads\/2025\/11\/gravel-cala-plomo.jpg?resize=150%2C150&ssl=1",150,150,true],"medium":["https:\/\/i0.wp.com\/pedaleandalucia.com\/wp-content\/uploads\/2025\/11\/gravel-cala-plomo.jpg?fit=300%2C135&ssl=1",300,135,true],"medium_large":["https:\/\/i0.wp.com\/pedaleandalucia.com\/wp-content\/uploads\/2025\/11\/gravel-cala-plomo.jpg?fit=580%2C262&ssl=1",580,262,true],"large":["https:\/\/i0.wp.com\/pedaleandalucia.com\/wp-content\/uploads\/2025\/11\/gravel-cala-plomo.jpg?fit=580%2C262&ssl=1",580,262,true],"1536x1536":["https:\/\/i0.wp.com\/pedaleandalucia.com\/wp-content\/uploads\/2025\/11\/gravel-cala-plomo.jpg?fit=1136%2C513&ssl=1",1136,513,true],"2048x2048":["https:\/\/i0.wp.com\/pedaleandalucia.com\/wp-content\/uploads\/2025\/11\/gravel-cala-plomo.jpg?fit=1136%2C513&ssl=1",1136,513,true],"post-thumbnail":["https:\/\/i0.wp.com\/pedaleandalucia.com\/wp-content\/uploads\/2025\/11\/gravel-cala-plomo.jpg?fit=1136%2C513&ssl=1",1136,513,true],"twentytwenty-fullscreen":["https:\/\/i0.wp.com\/pedaleandalucia.com\/wp-content\/uploads\/2025\/11\/gravel-cala-plomo.jpg?fit=1136%2C513&ssl=1",1136,513,true],"pedalea-landscape":["https:\/\/i0.wp.com\/pedaleandalucia.com\/wp-content\/uploads\/2025\/11\/gravel-cala-plomo.jpg?resize=500%2C250&ssl=1",500,250,true]},"uagb_author_info":{"display_name":"asanchba","author_link":"https:\/\/pedaleandalucia.com\/gb\/author\/asanchba\/"},"uagb_comment_info":0,"uagb_excerpt":"Descubre la esencia de Almer\u00eda","jetpack_sharing_enabled":true,"jetpack_shortlink":"https:\/\/wp.me\/p2Lg6v-KD","jetpack-related-posts":[{"id":3095,"url":"https:\/\/pedaleandalucia.com\/gb\/almeria-desert-gravel-mar-y-desierto\/","url_meta":{"origin":2891,"position":0},"title":"Almer\u00eda Desert Gravel, mar y desierto.","author":"asanchba","date":"April 20, 2026","format":false,"excerpt":"M\u00e1s distancia. M\u00e1s paisaje. M\u00e1s aventura La Almer\u00eda Desert Gravel te lleva en 4 d\u00edas por el Cabo de Gata y el desierto de Tabernas. Elige tus fechas y ven a descubrirlo. #GravelAndaluc\u00eda #Almer\u00eda #DesertGravel #PedaleaAndaluc\u00eda","rel":"","context":"In &quot;Agua Amarga&quot;","block_context":{"text":"Agua Amarga","link":"https:\/\/pedaleandalucia.com\/gb\/category\/agua-amarga\/"},"img":{"alt_text":"","src":"https:\/\/i0.wp.com\/pedaleandalucia.com\/wp-content\/uploads\/2026\/04\/Genoveses-2.jpg?fit=213%2C284&ssl=1&resize=350%2C200","width":350,"height":200},"classes":[]},{"id":2925,"url":"https:\/\/pedaleandalucia.com\/gb\/gravel-en-almeria-2\/","url_meta":{"origin":2891,"position":1},"title":"Gravel en Almer\u00eda","author":"asanchba","date":"February 20, 2026","format":false,"excerpt":"La Almer\u00eda Desert Gravel tiene un recorrido que te permite disfrutar del Parque Natural Cabo de Gata - N\u00edjar, de las zonas semi\u00e1ridas del interior de Almer\u00eda y del Desierto de Tabernas.","rel":"","context":"In &quot;Almer\u00eda&quot;","block_context":{"text":"Almer\u00eda","link":"https:\/\/pedaleandalucia.com\/gb\/category\/almeria\/"},"img":{"alt_text":"Ruta Gravel Almer\u00eda","src":"https:\/\/i0.wp.com\/pedaleandalucia.com\/wp-content\/uploads\/2025\/11\/gravelalmeria-scaled-e1771586782968.jpg?fit=400%2C533&ssl=1&resize=350%2C200","width":350,"height":200},"classes":[]},{"id":3030,"url":"https:\/\/pedaleandalucia.com\/gb\/gravel-y-aventura-incluso-en-el-desierto-hay-agua\/","url_meta":{"origin":2891,"position":2},"title":"Gravel y aventura. Incluso en el desierto hay agua.","author":"asanchba","date":"February 9, 2026","format":false,"excerpt":"El Desierto de Tabernas es un territorio que solo se puede explorar sobre una bicicleta gravel, donde se disfruta al m\u00e1ximo la sensaci\u00f3n de libertad, aventura y conexi\u00f3n con el entorno.","rel":"","context":"In &quot;Almer\u00eda&quot;","block_context":{"text":"Almer\u00eda","link":"https:\/\/pedaleandalucia.com\/gb\/category\/almeria\/"},"img":{"alt_text":"Almeria Desert Gravel","src":"https:\/\/i0.wp.com\/pedaleandalucia.com\/wp-content\/uploads\/2026\/01\/IMG20250323112723-scaled-e1769775150388.jpg?fit=400%2C709&ssl=1&resize=350%2C200","width":350,"height":200},"classes":[]},{"id":3019,"url":"https:\/\/pedaleandalucia.com\/gb\/almeria-territorio-gravel\/","url_meta":{"origin":2891,"position":3},"title":"Almer\u00eda Territorio Gravel","author":"asanchba","date":"February 2, 2026","format":false,"excerpt":"Almer\u00eda Desert Gravel combina pistas de tierra en buen estado, ramblas donde la arena y la trazada son protagonistas, y carreteras secundarias tranquilas. Un recorrido dise\u00f1ado espec\u00edficamente para gravel que permite descubrir lugares tan emblem\u00e1ticos como el Parque Natural de Cabo de Gata-N\u00edjar y el desierto de Tabernas.","rel":"","context":"In &quot;Almer\u00eda&quot;","block_context":{"text":"Almer\u00eda","link":"https:\/\/pedaleandalucia.com\/gb\/category\/almeria\/"},"img":{"alt_text":"Gravel-Desierto de Tabernas-Almer\u00eda","src":"https:\/\/i0.wp.com\/pedaleandalucia.com\/wp-content\/uploads\/2026\/01\/IMG_20250930_194315-scaled-e1769771505215.jpg?fit=400%2C226&ssl=1&resize=350%2C200","width":350,"height":200},"classes":[]},{"id":2679,"url":"https:\/\/pedaleandalucia.com\/gb\/rockgravel\/","url_meta":{"origin":2891,"position":4},"title":"Rock&#038;Gravel","author":"asanchba","date":"January 30, 2023","format":false,"excerpt":"Disfruta de todas las ventajas que te ofrece el gravel y vente unos d\u00edas a disfrutar de la aventura que supone nuestra primera traves\u00eda espec\u00edfica para esta modalidad de ciclismo. Toda la info en: Almer\u00eda Desert Gravel","rel":"","context":"In &quot;Agua Amarga&quot;","block_context":{"text":"Agua Amarga","link":"https:\/\/pedaleandalucia.com\/gb\/category\/agua-amarga\/"},"img":{"alt_text":"","src":"https:\/\/i0.wp.com\/pedaleandalucia.com\/wp-content\/uploads\/2023\/01\/gravel3-1.png?fit=900%2C1200&ssl=1&resize=350%2C200","width":350,"height":200,"srcset":"https:\/\/i0.wp.com\/pedaleandalucia.com\/wp-content\/uploads\/2023\/01\/gravel3-1.png?fit=900%2C1200&ssl=1&resize=350%2C200 1x, https:\/\/i0.wp.com\/pedaleandalucia.com\/wp-content\/uploads\/2023\/01\/gravel3-1.png?fit=900%2C1200&ssl=1&resize=525%2C300 1.5x, https:\/\/i0.wp.com\/pedaleandalucia.com\/wp-content\/uploads\/2023\/01\/gravel3-1.png?fit=900%2C1200&ssl=1&resize=700%2C400 2x"},"classes":[]},{"id":2857,"url":"https:\/\/pedaleandalucia.com\/gb\/faro-del-cabo-de-gata\/","url_meta":{"origin":2891,"position":5},"title":"Faro del Cabo de Gata","author":"asanchba","date":"October 10, 2025","format":false,"excerpt":"Donde el mar, la luz y el paisaje volc\u00e1nico se unen.","rel":"","context":"In &quot;Agua Amarga&quot;","block_context":{"text":"Agua Amarga","link":"https:\/\/pedaleandalucia.com\/gb\/category\/agua-amarga\/"},"img":{"alt_text":"","src":"https:\/\/i0.wp.com\/pedaleandalucia.com\/wp-content\/uploads\/2025\/10\/IMG20230129122720-EDIT-scaled.jpg?fit=1200%2C900&ssl=1&resize=350%2C200","width":350,"height":200,"srcset":"https:\/\/i0.wp.com\/pedaleandalucia.com\/wp-content\/uploads\/2025\/10\/IMG20230129122720-EDIT-scaled.jpg?fit=1200%2C900&ssl=1&resize=350%2C200 1x, https:\/\/i0.wp.com\/pedaleandalucia.com\/wp-content\/uploads\/2025\/10\/IMG20230129122720-EDIT-scaled.jpg?fit=1200%2C900&ssl=1&resize=525%2C300 1.5x, https:\/\/i0.wp.com\/pedaleandalucia.com\/wp-content\/uploads\/2025\/10\/IMG20230129122720-EDIT-scaled.jpg?fit=1200%2C900&ssl=1&resize=700%2C400 2x, https:\/\/i0.wp.com\/pedaleandalucia.com\/wp-content\/uploads\/2025\/10\/IMG20230129122720-EDIT-scaled.jpg?fit=1200%2C900&ssl=1&resize=1050%2C600 3x"},"classes":[]}],"_links":{"self":[{"href":"https:\/\/pedaleandalucia.com\/gb\/wp-json\/wp\/v2\/posts\/2891"}],"collection":[{"href":"https:\/\/pedaleandalucia.com\/gb\/wp-json\/wp\/v2\/posts"}],"about":[{"href":"https:\/\/pedaleandalucia.com\/gb\/wp-json\/wp\/v2\/types\/post"}],"author":[{"embeddable":true,"href":"https:\/\/pedaleandalucia.com\/gb\/wp-json\/wp\/v2\/users\/2"}],"replies":[{"embeddable":true,"href":"https:\/\/pedaleandalucia.com\/gb\/wp-json\/wp\/v2\/comments?post=2891"}],"version-history":[{"count":2,"href":"https:\/\/pedaleandalucia.com\/gb\/wp-json\/wp\/v2\/posts\/2891\/revisions"}],"predecessor-version":[{"id":2910,"href":"https:\/\/pedaleandalucia.com\/gb\/wp-json\/wp\/v2\/posts\/2891\/revisions\/2910"}],"wp:featuredmedia":[{"embeddable":true,"href":"https:\/\/pedaleandalucia.com\/gb\/wp-json\/wp\/v2\/media\/2892"}],"wp:attachment":[{"href":"https:\/\/pedaleandalucia.com\/gb\/wp-json\/wp\/v2\/media?parent=2891"}],"wp:term":[{"taxonomy":"category","embeddable":true,"href":"https:\/\/pedaleandalucia.com\/gb\/wp-json\/wp\/v2\/categories?post=2891"},{"taxonomy":"post_tag","embeddable":true,"href":"https:\/\/pedaleandalucia.com\/gb\/wp-json\/wp\/v2\/tags?post=2891"}],"curies":[{"name":"wp","href":"https:\/\/api.w.org\/{rel}","templated":true}]}}