{"id":2857,"date":"2025-10-10T18:00:00","date_gmt":"2025-10-10T18:00:00","guid":{"rendered":"https:\/\/pedaleandalucia.com\/?p=2857"},"modified":"2025-10-26T11:46:04","modified_gmt":"2025-10-26T11:46:04","slug":"faro-del-cabo-de-gata","status":"publish","type":"post","link":"https:\/\/pedaleandalucia.com\/gb\/faro-del-cabo-de-gata\/","title":{"rendered":"Faro del Cabo de Gata"},"content":{"rendered":"\n<p>Las vistas del entorno del faro del Cabo de Gata que encontrar\u00e9is en la primera etapa de la Traves\u00eda BTT del Cabo de Gata o de la Almer\u00eda Desert Gravel, con la que comparte recorrido en este tramo, son unas de las m\u00e1s singulares del parque natural. Un paiseje volc\u00e1nico y un mar, con unas calas espectaculares, hacen que la experiencia de montar en bici por aqu\u00ed, sea algo \u00fanico.<\/p>\n\n\n\n<p>Ven a disfrutar durante tres d\u00edas de un recorrido por un entorno con una enereg\u00eda y una luz diferente.<\/p>\n\n\n\n<figure class=\"wp-block-image size-large\"><a href=\"https:\/\/i0.wp.com\/pedaleandalucia.com\/wp-content\/uploads\/2025\/10\/IMG20230129122720-EDIT-scaled.jpg?ssl=1\"><img loading=\"lazy\" decoding=\"async\" width=\"580\" height=\"435\" data-attachment-id=\"2859\" data-permalink=\"https:\/\/pedaleandalucia.com\/gb\/faro-del-cabo-de-gata\/img20230129122720-edit\/\" data-orig-file=\"https:\/\/i0.wp.com\/pedaleandalucia.com\/wp-content\/uploads\/2025\/10\/IMG20230129122720-EDIT-scaled.jpg?fit=2560%2C1920&amp;ssl=1\" data-orig-size=\"2560,1920\" data-comments-opened=\"0\" data-image-meta=\"{&quot;aperture&quot;:&quot;1.7&quot;,&quot;credit&quot;:&quot;&quot;,&quot;camera&quot;:&quot;OPPO A91&quot;,&quot;caption&quot;:&quot;&quot;,&quot;created_timestamp&quot;:&quot;1674995240&quot;,&quot;copyright&quot;:&quot;&quot;,&quot;focal_length&quot;:&quot;4.73&quot;,&quot;iso&quot;:&quot;105&quot;,&quot;shutter_speed&quot;:&quot;9.4E-5&quot;,&quot;title&quot;:&quot;&quot;,&quot;orientation&quot;:&quot;0&quot;}\" data-image-title=\"IMG20230129122720-EDIT\" data-image-description=\"\" data-image-caption=\"\" data-medium-file=\"https:\/\/i0.wp.com\/pedaleandalucia.com\/wp-content\/uploads\/2025\/10\/IMG20230129122720-EDIT-scaled.jpg?fit=300%2C225&amp;ssl=1\" data-large-file=\"https:\/\/i0.wp.com\/pedaleandalucia.com\/wp-content\/uploads\/2025\/10\/IMG20230129122720-EDIT-scaled.jpg?fit=580%2C435&amp;ssl=1\" src=\"https:\/\/i0.wp.com\/pedaleandalucia.com\/wp-content\/uploads\/2025\/10\/IMG20230129122720-EDIT-1024x768.jpg?resize=580%2C435&#038;ssl=1\" alt=\"\" class=\"wp-image-2859\" srcset=\"https:\/\/i0.wp.com\/pedaleandalucia.com\/wp-content\/uploads\/2025\/10\/IMG20230129122720-EDIT-scaled.jpg?resize=1024%2C768&amp;ssl=1 1024w, https:\/\/i0.wp.com\/pedaleandalucia.com\/wp-content\/uploads\/2025\/10\/IMG20230129122720-EDIT-scaled.jpg?resize=300%2C225&amp;ssl=1 300w, https:\/\/i0.wp.com\/pedaleandalucia.com\/wp-content\/uploads\/2025\/10\/IMG20230129122720-EDIT-scaled.jpg?resize=768%2C576&amp;ssl=1 768w, https:\/\/i0.wp.com\/pedaleandalucia.com\/wp-content\/uploads\/2025\/10\/IMG20230129122720-EDIT-scaled.jpg?resize=1536%2C1152&amp;ssl=1 1536w, https:\/\/i0.wp.com\/pedaleandalucia.com\/wp-content\/uploads\/2025\/10\/IMG20230129122720-EDIT-scaled.jpg?resize=2048%2C1536&amp;ssl=1 2048w, https:\/\/i0.wp.com\/pedaleandalucia.com\/wp-content\/uploads\/2025\/10\/IMG20230129122720-EDIT-scaled.jpg?resize=1200%2C900&amp;ssl=1 1200w, https:\/\/i0.wp.com\/pedaleandalucia.com\/wp-content\/uploads\/2025\/10\/IMG20230129122720-EDIT-scaled.jpg?resize=1980%2C1485&amp;ssl=1 1980w, https:\/\/i0.wp.com\/pedaleandalucia.com\/wp-content\/uploads\/2025\/10\/IMG20230129122720-EDIT-scaled.jpg?w=1740&amp;ssl=1 1740w\" sizes=\"(max-width: 580px) 100vw, 580px\" data-recalc-dims=\"1\" \/><\/a><\/figure>\n","protected":false},"excerpt":{"rendered":"<p>Donde el mar, la luz y el paisaje volc\u00e1nico se unen.<\/p>\n","protected":false},"author":2,"featured_media":2859,"comment_status":"closed","ping_status":"closed","sticky":false,"template":"","format":"standard","meta":{"_coblocks_attr":"","_coblocks_dimensions":"","_coblocks_responsive_height":"","_coblocks_accordion_ie_support":"","_uag_custom_page_level_css":"","jetpack_post_was_ever_published":false,"_jetpack_newsletter_access":"","_jetpack_newsletter_tier_id":0,"footnotes":"","jetpack_publicize_message":"","jetpack_is_tweetstorm":false,"jetpack_publicize_feature_enabled":true,"jetpack_social_post_already_shared":true,"jetpack_social_options":{"image_generator_settings":{"template":"highway","enabled":false}}},"categories":[140,141,63,51,68,142,137,138,32],"tags":[85,83,27,37,69,26],"translation":{"provider":"WPGlobus","version":"3.0.0","language":"gb","enabled_languages":["es","gb"],"languages":{"es":{"title":true,"content":true,"excerpt":true},"gb":{"title":false,"content":false,"excerpt":false}}},"jetpack_publicize_connections":[],"featured_image_urls":{"full":["https:\/\/i0.wp.com\/pedaleandalucia.com\/wp-content\/uploads\/2025\/10\/IMG20230129122720-EDIT-scaled.jpg?fit=2560%2C1920&ssl=1",2560,1920,false],"thumbnail":["https:\/\/i0.wp.com\/pedaleandalucia.com\/wp-content\/uploads\/2025\/10\/IMG20230129122720-EDIT-scaled.jpg?resize=150%2C150&ssl=1",150,150,true],"medium":["https:\/\/i0.wp.com\/pedaleandalucia.com\/wp-content\/uploads\/2025\/10\/IMG20230129122720-EDIT-scaled.jpg?fit=300%2C225&ssl=1",300,225,true],"medium_large":["https:\/\/i0.wp.com\/pedaleandalucia.com\/wp-content\/uploads\/2025\/10\/IMG20230129122720-EDIT-scaled.jpg?fit=580%2C435&ssl=1",580,435,true],"large":["https:\/\/i0.wp.com\/pedaleandalucia.com\/wp-content\/uploads\/2025\/10\/IMG20230129122720-EDIT-scaled.jpg?fit=580%2C435&ssl=1",580,435,true],"1536x1536":["https:\/\/i0.wp.com\/pedaleandalucia.com\/wp-content\/uploads\/2025\/10\/IMG20230129122720-EDIT-scaled.jpg?fit=1536%2C1152&ssl=1",1536,1152,true],"2048x2048":["https:\/\/i0.wp.com\/pedaleandalucia.com\/wp-content\/uploads\/2025\/10\/IMG20230129122720-EDIT-scaled.jpg?fit=2048%2C1536&ssl=1",2048,1536,true],"post-thumbnail":["https:\/\/i0.wp.com\/pedaleandalucia.com\/wp-content\/uploads\/2025\/10\/IMG20230129122720-EDIT-scaled.jpg?fit=1200%2C900&ssl=1",1200,900,true],"twentytwenty-fullscreen":["https:\/\/i0.wp.com\/pedaleandalucia.com\/wp-content\/uploads\/2025\/10\/IMG20230129122720-EDIT-scaled.jpg?fit=1980%2C1485&ssl=1",1980,1485,true],"pedalea-landscape":["https:\/\/i0.wp.com\/pedaleandalucia.com\/wp-content\/uploads\/2025\/10\/IMG20230129122720-EDIT-scaled.jpg?resize=500%2C250&ssl=1",500,250,true]},"post_excerpt_stackable":"<p>Donde el mar, la luz y el paisaje volc\u00e1nico se unen.<\/p>\n","category_list":"<a href=\"https:\/\/pedaleandalucia.com\/gb\/category\/agua-amarga\/\" rel=\"category tag\">Agua Amarga<\/a>, <a href=\"https:\/\/pedaleandalucia.com\/gb\/category\/almeria\/\" rel=\"category tag\">Almer\u00eda<\/a>, <a href=\"https:\/\/pedaleandalucia.com\/gb\/category\/bicicleta-electrica\/\" rel=\"category tag\">bicicleta el\u00e9ctrica<\/a>, <a href=\"https:\/\/pedaleandalucia.com\/gb\/category\/cabo-de-gata-2\/\" rel=\"category tag\">Cabo de Gata<\/a>, <a href=\"https:\/\/pedaleandalucia.com\/gb\/category\/cicloturismo\/\" rel=\"category tag\">cicloturismo<\/a>, <a href=\"https:\/\/pedaleandalucia.com\/gb\/category\/gravel\/\" rel=\"category tag\">gravel<\/a>, <a href=\"https:\/\/pedaleandalucia.com\/gb\/category\/playa-de-los-genoveses\/\" rel=\"category tag\">Playa de los Genoveses<\/a>, <a href=\"https:\/\/pedaleandalucia.com\/gb\/category\/san-jose\/\" rel=\"category tag\">San Jos\u00e9<\/a>, <a href=\"https:\/\/pedaleandalucia.com\/gb\/category\/travesias-btt\/\" rel=\"category tag\">traves\u00edas btt<\/a>","author_info":{"name":"asanchba","url":"https:\/\/pedaleandalucia.com\/gb\/author\/asanchba\/"},"comments_num":"0 comments","featured_image_urls_v2":{"full":["https:\/\/i0.wp.com\/pedaleandalucia.com\/wp-content\/uploads\/2025\/10\/IMG20230129122720-EDIT-scaled.jpg?fit=2560%2C1920&ssl=1",2560,1920,false],"thumbnail":["https:\/\/i0.wp.com\/pedaleandalucia.com\/wp-content\/uploads\/2025\/10\/IMG20230129122720-EDIT-scaled.jpg?resize=150%2C150&ssl=1",150,150,true],"medium":["https:\/\/i0.wp.com\/pedaleandalucia.com\/wp-content\/uploads\/2025\/10\/IMG20230129122720-EDIT-scaled.jpg?fit=300%2C225&ssl=1",300,225,true],"medium_large":["https:\/\/i0.wp.com\/pedaleandalucia.com\/wp-content\/uploads\/2025\/10\/IMG20230129122720-EDIT-scaled.jpg?fit=580%2C435&ssl=1",580,435,true],"large":["https:\/\/i0.wp.com\/pedaleandalucia.com\/wp-content\/uploads\/2025\/10\/IMG20230129122720-EDIT-scaled.jpg?fit=580%2C435&ssl=1",580,435,true],"1536x1536":["https:\/\/i0.wp.com\/pedaleandalucia.com\/wp-content\/uploads\/2025\/10\/IMG20230129122720-EDIT-scaled.jpg?fit=1536%2C1152&ssl=1",1536,1152,true],"2048x2048":["https:\/\/i0.wp.com\/pedaleandalucia.com\/wp-content\/uploads\/2025\/10\/IMG20230129122720-EDIT-scaled.jpg?fit=2048%2C1536&ssl=1",2048,1536,true],"post-thumbnail":["https:\/\/i0.wp.com\/pedaleandalucia.com\/wp-content\/uploads\/2025\/10\/IMG20230129122720-EDIT-scaled.jpg?fit=1200%2C900&ssl=1",1200,900,true],"twentytwenty-fullscreen":["https:\/\/i0.wp.com\/pedaleandalucia.com\/wp-content\/uploads\/2025\/10\/IMG20230129122720-EDIT-scaled.jpg?fit=1980%2C1485&ssl=1",1980,1485,true],"pedalea-landscape":["https:\/\/i0.wp.com\/pedaleandalucia.com\/wp-content\/uploads\/2025\/10\/IMG20230129122720-EDIT-scaled.jpg?resize=500%2C250&ssl=1",500,250,true]},"post_excerpt_stackable_v2":"<p>Donde el mar, la luz y el paisaje volc\u00e1nico se unen.<\/p>\n","category_list_v2":"<a href=\"https:\/\/pedaleandalucia.com\/gb\/category\/agua-amarga\/\" rel=\"category tag\">Agua Amarga<\/a>, <a href=\"https:\/\/pedaleandalucia.com\/gb\/category\/almeria\/\" rel=\"category tag\">Almer\u00eda<\/a>, <a href=\"https:\/\/pedaleandalucia.com\/gb\/category\/bicicleta-electrica\/\" rel=\"category tag\">bicicleta el\u00e9ctrica<\/a>, <a href=\"https:\/\/pedaleandalucia.com\/gb\/category\/cabo-de-gata-2\/\" rel=\"category tag\">Cabo de Gata<\/a>, <a href=\"https:\/\/pedaleandalucia.com\/gb\/category\/cicloturismo\/\" rel=\"category tag\">cicloturismo<\/a>, <a href=\"https:\/\/pedaleandalucia.com\/gb\/category\/gravel\/\" rel=\"category tag\">gravel<\/a>, <a href=\"https:\/\/pedaleandalucia.com\/gb\/category\/playa-de-los-genoveses\/\" rel=\"category tag\">Playa de los Genoveses<\/a>, <a href=\"https:\/\/pedaleandalucia.com\/gb\/category\/san-jose\/\" rel=\"category tag\">San Jos\u00e9<\/a>, <a href=\"https:\/\/pedaleandalucia.com\/gb\/category\/travesias-btt\/\" rel=\"category tag\">traves\u00edas btt<\/a>","author_info_v2":{"name":"asanchba","url":"https:\/\/pedaleandalucia.com\/gb\/author\/asanchba\/"},"comments_num_v2":"0 comments","jetpack_featured_media_url":"https:\/\/i0.wp.com\/pedaleandalucia.com\/wp-content\/uploads\/2025\/10\/IMG20230129122720-EDIT-scaled.jpg?fit=2560%2C1920&ssl=1","uagb_featured_image_src":{"full":["https:\/\/i0.wp.com\/pedaleandalucia.com\/wp-content\/uploads\/2025\/10\/IMG20230129122720-EDIT-scaled.jpg?fit=2560%2C1920&ssl=1",2560,1920,false],"thumbnail":["https:\/\/i0.wp.com\/pedaleandalucia.com\/wp-content\/uploads\/2025\/10\/IMG20230129122720-EDIT-scaled.jpg?resize=150%2C150&ssl=1",150,150,true],"medium":["https:\/\/i0.wp.com\/pedaleandalucia.com\/wp-content\/uploads\/2025\/10\/IMG20230129122720-EDIT-scaled.jpg?fit=300%2C225&ssl=1",300,225,true],"medium_large":["https:\/\/i0.wp.com\/pedaleandalucia.com\/wp-content\/uploads\/2025\/10\/IMG20230129122720-EDIT-scaled.jpg?fit=580%2C435&ssl=1",580,435,true],"large":["https:\/\/i0.wp.com\/pedaleandalucia.com\/wp-content\/uploads\/2025\/10\/IMG20230129122720-EDIT-scaled.jpg?fit=580%2C435&ssl=1",580,435,true],"1536x1536":["https:\/\/i0.wp.com\/pedaleandalucia.com\/wp-content\/uploads\/2025\/10\/IMG20230129122720-EDIT-scaled.jpg?fit=1536%2C1152&ssl=1",1536,1152,true],"2048x2048":["https:\/\/i0.wp.com\/pedaleandalucia.com\/wp-content\/uploads\/2025\/10\/IMG20230129122720-EDIT-scaled.jpg?fit=2048%2C1536&ssl=1",2048,1536,true],"post-thumbnail":["https:\/\/i0.wp.com\/pedaleandalucia.com\/wp-content\/uploads\/2025\/10\/IMG20230129122720-EDIT-scaled.jpg?fit=1200%2C900&ssl=1",1200,900,true],"twentytwenty-fullscreen":["https:\/\/i0.wp.com\/pedaleandalucia.com\/wp-content\/uploads\/2025\/10\/IMG20230129122720-EDIT-scaled.jpg?fit=1980%2C1485&ssl=1",1980,1485,true],"pedalea-landscape":["https:\/\/i0.wp.com\/pedaleandalucia.com\/wp-content\/uploads\/2025\/10\/IMG20230129122720-EDIT-scaled.jpg?resize=500%2C250&ssl=1",500,250,true]},"uagb_author_info":{"display_name":"asanchba","author_link":"https:\/\/pedaleandalucia.com\/gb\/author\/asanchba\/"},"uagb_comment_info":0,"uagb_excerpt":"Donde el mar, la luz y el paisaje volc\u00e1nico se unen.","jetpack_sharing_enabled":true,"jetpack_shortlink":"https:\/\/wp.me\/p2Lg6v-K5","jetpack-related-posts":[{"id":2764,"url":"https:\/\/pedaleandalucia.com\/gb\/almeria-destino-ciclista\/","url_meta":{"origin":2857,"position":0},"title":"Almer\u00eda destino ciclista","author":"asanchba","date":"January 8, 2025","format":false,"excerpt":"Zona semi\u00e1rida de Almer\u00eda","rel":"","context":"In &quot;Almer\u00eda&quot;","block_context":{"text":"Almer\u00eda","link":"https:\/\/pedaleandalucia.com\/gb\/category\/almeria\/"},"img":{"alt_text":"","src":"https:\/\/i0.wp.com\/pedaleandalucia.com\/wp-content\/uploads\/2025\/01\/Almeria-1-scaled.jpg?fit=1200%2C900&ssl=1&resize=350%2C200","width":350,"height":200,"srcset":"https:\/\/i0.wp.com\/pedaleandalucia.com\/wp-content\/uploads\/2025\/01\/Almeria-1-scaled.jpg?fit=1200%2C900&ssl=1&resize=350%2C200 1x, https:\/\/i0.wp.com\/pedaleandalucia.com\/wp-content\/uploads\/2025\/01\/Almeria-1-scaled.jpg?fit=1200%2C900&ssl=1&resize=525%2C300 1.5x, https:\/\/i0.wp.com\/pedaleandalucia.com\/wp-content\/uploads\/2025\/01\/Almeria-1-scaled.jpg?fit=1200%2C900&ssl=1&resize=700%2C400 2x, https:\/\/i0.wp.com\/pedaleandalucia.com\/wp-content\/uploads\/2025\/01\/Almeria-1-scaled.jpg?fit=1200%2C900&ssl=1&resize=1050%2C600 3x"},"classes":[]},{"id":3091,"url":"https:\/\/pedaleandalucia.com\/gb\/btt-o-gravel-almeria-te-espera\/","url_meta":{"origin":2857,"position":1},"title":"BTT o Gravel, Almer\u00eda te espera.","author":"asanchba","date":"April 16, 2026","format":false,"excerpt":"Recorrer el parque natural del Cabo de Gata o el desierto de Tabernas son dos de los alicientes de recorrer en btt o gravel, nuestras traves\u00edas de Almer\u00eda. Ven a disfrutar de paisajes \u00fanicos, caminos por recorrer y carreteras que te llevar\u00e1n a rincones espectaculares.","rel":"","context":"In &quot;Agua Amarga&quot;","block_context":{"text":"Agua Amarga","link":"https:\/\/pedaleandalucia.com\/gb\/category\/agua-amarga\/"},"img":{"alt_text":"","src":"https:\/\/i0.wp.com\/pedaleandalucia.com\/wp-content\/uploads\/2026\/04\/Ermita-Virgen-del-Mar-corr-1.jpg?fit=491%2C655&ssl=1&resize=350%2C200","width":350,"height":200},"classes":[]},{"id":2922,"url":"https:\/\/pedaleandalucia.com\/gb\/p-n-cabo-de-gata-nijar-reserva-maritimo-terrestre\/","url_meta":{"origin":2857,"position":2},"title":"P.N. Cabo de Gata &#8211; N\u00edjar. Reserva maritimo-terrestre","author":"asanchba","date":"November 27, 2025","format":false,"excerpt":"Paisaje \u00fanico","rel":"","context":"In &quot;Agua Amarga&quot;","block_context":{"text":"Agua Amarga","link":"https:\/\/pedaleandalucia.com\/gb\/category\/agua-amarga\/"},"img":{"alt_text":"","src":"https:\/\/i0.wp.com\/pedaleandalucia.com\/wp-content\/uploads\/2025\/11\/amatista-scaled.jpg?fit=1200%2C900&ssl=1&resize=350%2C200","width":350,"height":200,"srcset":"https:\/\/i0.wp.com\/pedaleandalucia.com\/wp-content\/uploads\/2025\/11\/amatista-scaled.jpg?fit=1200%2C900&ssl=1&resize=350%2C200 1x, https:\/\/i0.wp.com\/pedaleandalucia.com\/wp-content\/uploads\/2025\/11\/amatista-scaled.jpg?fit=1200%2C900&ssl=1&resize=525%2C300 1.5x, https:\/\/i0.wp.com\/pedaleandalucia.com\/wp-content\/uploads\/2025\/11\/amatista-scaled.jpg?fit=1200%2C900&ssl=1&resize=700%2C400 2x, https:\/\/i0.wp.com\/pedaleandalucia.com\/wp-content\/uploads\/2025\/11\/amatista-scaled.jpg?fit=1200%2C900&ssl=1&resize=1050%2C600 3x"},"classes":[]},{"id":2919,"url":"https:\/\/pedaleandalucia.com\/gb\/playa-de-los-genoveses-2\/","url_meta":{"origin":2857,"position":3},"title":"Playa de los Genoveses","author":"asanchba","date":"November 24, 2025","format":false,"excerpt":"\u00bfQui\u00e9n dice que no existe el paraiso?","rel":"","context":"In &quot;Agua Amarga&quot;","block_context":{"text":"Agua Amarga","link":"https:\/\/pedaleandalucia.com\/gb\/category\/agua-amarga\/"},"img":{"alt_text":"","src":"https:\/\/i0.wp.com\/pedaleandalucia.com\/wp-content\/uploads\/2025\/11\/genoveses-scaled.jpg?fit=1200%2C900&ssl=1&resize=350%2C200","width":350,"height":200,"srcset":"https:\/\/i0.wp.com\/pedaleandalucia.com\/wp-content\/uploads\/2025\/11\/genoveses-scaled.jpg?fit=1200%2C900&ssl=1&resize=350%2C200 1x, https:\/\/i0.wp.com\/pedaleandalucia.com\/wp-content\/uploads\/2025\/11\/genoveses-scaled.jpg?fit=1200%2C900&ssl=1&resize=525%2C300 1.5x, https:\/\/i0.wp.com\/pedaleandalucia.com\/wp-content\/uploads\/2025\/11\/genoveses-scaled.jpg?fit=1200%2C900&ssl=1&resize=700%2C400 2x, https:\/\/i0.wp.com\/pedaleandalucia.com\/wp-content\/uploads\/2025\/11\/genoveses-scaled.jpg?fit=1200%2C900&ssl=1&resize=1050%2C600 3x"},"classes":[]},{"id":3081,"url":"https:\/\/pedaleandalucia.com\/gb\/paraiso-y-mtb\/","url_meta":{"origin":2857,"position":4},"title":"Para\u00edso y MTB","author":"asanchba","date":"March 11, 2026","format":false,"excerpt":"Imagina llegar aqu\u00ed despu\u00e9s de una etapa en MTB\u2026 ????????\u200d\u2642\ufe0f La Playa de los Genoveses es uno de los momentos m\u00e1s especiales de la Traves\u00eda BTT del Cabo de Gata. Mar, pistas de tierra y naturaleza salvaje en estado puro. \u00bfTe vienes? #CaboDeGata #MTBAndaluc\u00eda #PlayaDeLosGenoveses #PedaleaAndaluc\u00eda","rel":"","context":"In &quot;Agua Amarga&quot;","block_context":{"text":"Agua Amarga","link":"https:\/\/pedaleandalucia.com\/gb\/category\/agua-amarga\/"},"img":{"alt_text":"Traves\u00eda BTT del Cabo de Gata","src":"https:\/\/i0.wp.com\/pedaleandalucia.com\/wp-content\/uploads\/2026\/03\/Moron-de-Genoveses.jpg?fit=491%2C655&ssl=1&resize=350%2C200","width":350,"height":200},"classes":[]},{"id":3039,"url":"https:\/\/pedaleandalucia.com\/gb\/lugares-unicos\/","url_meta":{"origin":2857,"position":5},"title":"Lugares \u00fanicos","author":"asanchba","date":"February 12, 2026","format":false,"excerpt":"Tres d\u00edas pedaleando por el Parque Natural de Cabo de Gata\u2013N\u00edjar ????\u200d\u2642\ufe0f Playas paradis\u00edacas, paisajes volc\u00e1nicos y caminos \u00fanicos para descubrir uno de los rincones m\u00e1s especiales de Almer\u00eda, lejos de las aglomeraciones. Una experiencia que deja huella. #CaboDeGata #MTBAndaluc\u00eda #PedaleaAndaluc\u00eda","rel":"","context":"In &quot;Agua Amarga&quot;","block_context":{"text":"Agua Amarga","link":"https:\/\/pedaleandalucia.com\/gb\/category\/agua-amarga\/"},"img":{"alt_text":"Etapa btt Almer\u00eda - San Jos\u00e9","src":"https:\/\/i0.wp.com\/pedaleandalucia.com\/wp-content\/uploads\/2026\/02\/IMG_20251022_190805-scaled-e1770743075337.jpg?fit=400%2C711&ssl=1&resize=350%2C200","width":350,"height":200},"classes":[]}],"_links":{"self":[{"href":"https:\/\/pedaleandalucia.com\/gb\/wp-json\/wp\/v2\/posts\/2857"}],"collection":[{"href":"https:\/\/pedaleandalucia.com\/gb\/wp-json\/wp\/v2\/posts"}],"about":[{"href":"https:\/\/pedaleandalucia.com\/gb\/wp-json\/wp\/v2\/types\/post"}],"author":[{"embeddable":true,"href":"https:\/\/pedaleandalucia.com\/gb\/wp-json\/wp\/v2\/users\/2"}],"replies":[{"embeddable":true,"href":"https:\/\/pedaleandalucia.com\/gb\/wp-json\/wp\/v2\/comments?post=2857"}],"version-history":[{"count":3,"href":"https:\/\/pedaleandalucia.com\/gb\/wp-json\/wp\/v2\/posts\/2857\/revisions"}],"predecessor-version":[{"id":2867,"href":"https:\/\/pedaleandalucia.com\/gb\/wp-json\/wp\/v2\/posts\/2857\/revisions\/2867"}],"wp:featuredmedia":[{"embeddable":true,"href":"https:\/\/pedaleandalucia.com\/gb\/wp-json\/wp\/v2\/media\/2859"}],"wp:attachment":[{"href":"https:\/\/pedaleandalucia.com\/gb\/wp-json\/wp\/v2\/media?parent=2857"}],"wp:term":[{"taxonomy":"category","embeddable":true,"href":"https:\/\/pedaleandalucia.com\/gb\/wp-json\/wp\/v2\/categories?post=2857"},{"taxonomy":"post_tag","embeddable":true,"href":"https:\/\/pedaleandalucia.com\/gb\/wp-json\/wp\/v2\/tags?post=2857"}],"curies":[{"name":"wp","href":"https:\/\/api.w.org\/{rel}","templated":true}]}}