{"id":2618,"date":"2022-05-04T17:49:15","date_gmt":"2022-05-04T17:49:15","guid":{"rendered":"https:\/\/pedaleandalucia.com\/?p=2618"},"modified":"2022-05-04T17:49:34","modified_gmt":"2022-05-04T17:49:34","slug":"carmona","status":"publish","type":"post","link":"https:\/\/pedaleandalucia.com\/gb\/carmona\/","title":{"rendered":"Carmona"},"content":{"rendered":"\n<p>Uno de los finales de etapa de la Traves\u00eda C\u00f3rdoba-Sevilla, es la poblaci\u00f3n de Carmona. Despu\u00e9s de atravesar parte de la campi\u00f1a desde Marchena, llegar a Carmona es todo un privilegio ya que te permite disfrutar de un impresionante patrimonio hist\u00f3rico.<\/p>\n\n\n\n<p>Ten\u00e9is toda la informaci\u00f3n en nuestra secci\u00f3n de rutas.<\/p>\n\n\n\n<p><\/p>\n","protected":false},"excerpt":{"rendered":"<p>Carmona, final de la 3\u00aa etapa de la Traves\u00eda C\u00f3rdoba-Sevilla.<\/p>\n","protected":false},"author":2,"featured_media":2629,"comment_status":"closed","ping_status":"closed","sticky":false,"template":"","format":"standard","meta":{"_coblocks_attr":"","_coblocks_dimensions":"","_coblocks_responsive_height":"","_coblocks_accordion_ie_support":"","_uag_custom_page_level_css":"","jetpack_post_was_ever_published":false,"_jetpack_newsletter_access":"","_jetpack_newsletter_tier_id":0,"footnotes":"","jetpack_publicize_message":"","jetpack_is_tweetstorm":false,"jetpack_publicize_feature_enabled":true,"jetpack_social_post_already_shared":true,"jetpack_social_options":{"image_generator_settings":{"template":"highway","enabled":false}}},"categories":[120,68,42,33,121,31,32],"tags":[85,83,27,122,69],"translation":{"provider":"WPGlobus","version":"3.0.0","language":"gb","enabled_languages":["es","gb"],"languages":{"es":{"title":true,"content":true,"excerpt":true},"gb":{"title":false,"content":false,"excerpt":false}}},"jetpack_publicize_connections":[],"featured_image_urls":{"full":["https:\/\/i0.wp.com\/pedaleandalucia.com\/wp-content\/uploads\/2022\/05\/Carmona_2-Small.jpg?fit=854%2C386&ssl=1",854,386,false],"thumbnail":["https:\/\/i0.wp.com\/pedaleandalucia.com\/wp-content\/uploads\/2022\/05\/Carmona_2-Small.jpg?resize=150%2C150&ssl=1",150,150,true],"medium":["https:\/\/i0.wp.com\/pedaleandalucia.com\/wp-content\/uploads\/2022\/05\/Carmona_2-Small.jpg?fit=300%2C136&ssl=1",300,136,true],"medium_large":["https:\/\/i0.wp.com\/pedaleandalucia.com\/wp-content\/uploads\/2022\/05\/Carmona_2-Small.jpg?fit=580%2C262&ssl=1",580,262,true],"large":["https:\/\/i0.wp.com\/pedaleandalucia.com\/wp-content\/uploads\/2022\/05\/Carmona_2-Small.jpg?fit=580%2C262&ssl=1",580,262,true],"1536x1536":["https:\/\/i0.wp.com\/pedaleandalucia.com\/wp-content\/uploads\/2022\/05\/Carmona_2-Small.jpg?fit=854%2C386&ssl=1",854,386,true],"2048x2048":["https:\/\/i0.wp.com\/pedaleandalucia.com\/wp-content\/uploads\/2022\/05\/Carmona_2-Small.jpg?fit=854%2C386&ssl=1",854,386,true],"post-thumbnail":["https:\/\/i0.wp.com\/pedaleandalucia.com\/wp-content\/uploads\/2022\/05\/Carmona_2-Small.jpg?fit=854%2C386&ssl=1",854,386,true],"twentytwenty-fullscreen":["https:\/\/i0.wp.com\/pedaleandalucia.com\/wp-content\/uploads\/2022\/05\/Carmona_2-Small.jpg?fit=854%2C386&ssl=1",854,386,true],"pedalea-landscape":["https:\/\/i0.wp.com\/pedaleandalucia.com\/wp-content\/uploads\/2022\/05\/Carmona_2-Small.jpg?resize=500%2C250&ssl=1",500,250,true]},"post_excerpt_stackable":"<p>Carmona, final de la 3\u00aa etapa de la Traves\u00eda C\u00f3rdoba-Sevilla.<\/p>\n","category_list":"<a href=\"https:\/\/pedaleandalucia.com\/gb\/category\/carmona\/\" rel=\"category tag\">Carmona<\/a>, <a href=\"https:\/\/pedaleandalucia.com\/gb\/category\/cicloturismo\/\" rel=\"category tag\">cicloturismo<\/a>, <a href=\"https:\/\/pedaleandalucia.com\/gb\/category\/cicloviajes\/\" rel=\"category tag\">cicloviajes<\/a>, <a href=\"https:\/\/pedaleandalucia.com\/gb\/category\/rutas-btt\/\" rel=\"category tag\">rutas btt<\/a>, <a href=\"https:\/\/pedaleandalucia.com\/gb\/category\/sevilla\/\" rel=\"category tag\">Sevilla<\/a>, <a href=\"https:\/\/pedaleandalucia.com\/gb\/category\/travesia-btt\/\" rel=\"category tag\">traves\u00eda btt<\/a>, <a href=\"https:\/\/pedaleandalucia.com\/gb\/category\/travesias-btt\/\" rel=\"category tag\">traves\u00edas btt<\/a>","author_info":{"name":"asanchba","url":"https:\/\/pedaleandalucia.com\/gb\/author\/asanchba\/"},"comments_num":"0 comments","featured_image_urls_v2":{"full":["https:\/\/i0.wp.com\/pedaleandalucia.com\/wp-content\/uploads\/2022\/05\/Carmona_2-Small.jpg?fit=854%2C386&ssl=1",854,386,false],"thumbnail":["https:\/\/i0.wp.com\/pedaleandalucia.com\/wp-content\/uploads\/2022\/05\/Carmona_2-Small.jpg?resize=150%2C150&ssl=1",150,150,true],"medium":["https:\/\/i0.wp.com\/pedaleandalucia.com\/wp-content\/uploads\/2022\/05\/Carmona_2-Small.jpg?fit=300%2C136&ssl=1",300,136,true],"medium_large":["https:\/\/i0.wp.com\/pedaleandalucia.com\/wp-content\/uploads\/2022\/05\/Carmona_2-Small.jpg?fit=580%2C262&ssl=1",580,262,true],"large":["https:\/\/i0.wp.com\/pedaleandalucia.com\/wp-content\/uploads\/2022\/05\/Carmona_2-Small.jpg?fit=580%2C262&ssl=1",580,262,true],"1536x1536":["https:\/\/i0.wp.com\/pedaleandalucia.com\/wp-content\/uploads\/2022\/05\/Carmona_2-Small.jpg?fit=854%2C386&ssl=1",854,386,true],"2048x2048":["https:\/\/i0.wp.com\/pedaleandalucia.com\/wp-content\/uploads\/2022\/05\/Carmona_2-Small.jpg?fit=854%2C386&ssl=1",854,386,true],"post-thumbnail":["https:\/\/i0.wp.com\/pedaleandalucia.com\/wp-content\/uploads\/2022\/05\/Carmona_2-Small.jpg?fit=854%2C386&ssl=1",854,386,true],"twentytwenty-fullscreen":["https:\/\/i0.wp.com\/pedaleandalucia.com\/wp-content\/uploads\/2022\/05\/Carmona_2-Small.jpg?fit=854%2C386&ssl=1",854,386,true],"pedalea-landscape":["https:\/\/i0.wp.com\/pedaleandalucia.com\/wp-content\/uploads\/2022\/05\/Carmona_2-Small.jpg?resize=500%2C250&ssl=1",500,250,true]},"post_excerpt_stackable_v2":"<p>Carmona, final de la 3\u00aa etapa de la Traves\u00eda C\u00f3rdoba-Sevilla.<\/p>\n","category_list_v2":"<a href=\"https:\/\/pedaleandalucia.com\/gb\/category\/carmona\/\" rel=\"category tag\">Carmona<\/a>, <a href=\"https:\/\/pedaleandalucia.com\/gb\/category\/cicloturismo\/\" rel=\"category tag\">cicloturismo<\/a>, <a href=\"https:\/\/pedaleandalucia.com\/gb\/category\/cicloviajes\/\" rel=\"category tag\">cicloviajes<\/a>, <a href=\"https:\/\/pedaleandalucia.com\/gb\/category\/rutas-btt\/\" rel=\"category tag\">rutas btt<\/a>, <a href=\"https:\/\/pedaleandalucia.com\/gb\/category\/sevilla\/\" rel=\"category tag\">Sevilla<\/a>, <a href=\"https:\/\/pedaleandalucia.com\/gb\/category\/travesia-btt\/\" rel=\"category tag\">traves\u00eda btt<\/a>, <a href=\"https:\/\/pedaleandalucia.com\/gb\/category\/travesias-btt\/\" rel=\"category tag\">traves\u00edas btt<\/a>","author_info_v2":{"name":"asanchba","url":"https:\/\/pedaleandalucia.com\/gb\/author\/asanchba\/"},"comments_num_v2":"0 comments","jetpack_featured_media_url":"https:\/\/i0.wp.com\/pedaleandalucia.com\/wp-content\/uploads\/2022\/05\/Carmona_2-Small.jpg?fit=854%2C386&ssl=1","uagb_featured_image_src":{"full":["https:\/\/i0.wp.com\/pedaleandalucia.com\/wp-content\/uploads\/2022\/05\/Carmona_2-Small.jpg?fit=854%2C386&ssl=1",854,386,false],"thumbnail":["https:\/\/i0.wp.com\/pedaleandalucia.com\/wp-content\/uploads\/2022\/05\/Carmona_2-Small.jpg?resize=150%2C150&ssl=1",150,150,true],"medium":["https:\/\/i0.wp.com\/pedaleandalucia.com\/wp-content\/uploads\/2022\/05\/Carmona_2-Small.jpg?fit=300%2C136&ssl=1",300,136,true],"medium_large":["https:\/\/i0.wp.com\/pedaleandalucia.com\/wp-content\/uploads\/2022\/05\/Carmona_2-Small.jpg?fit=580%2C262&ssl=1",580,262,true],"large":["https:\/\/i0.wp.com\/pedaleandalucia.com\/wp-content\/uploads\/2022\/05\/Carmona_2-Small.jpg?fit=580%2C262&ssl=1",580,262,true],"1536x1536":["https:\/\/i0.wp.com\/pedaleandalucia.com\/wp-content\/uploads\/2022\/05\/Carmona_2-Small.jpg?fit=854%2C386&ssl=1",854,386,true],"2048x2048":["https:\/\/i0.wp.com\/pedaleandalucia.com\/wp-content\/uploads\/2022\/05\/Carmona_2-Small.jpg?fit=854%2C386&ssl=1",854,386,true],"post-thumbnail":["https:\/\/i0.wp.com\/pedaleandalucia.com\/wp-content\/uploads\/2022\/05\/Carmona_2-Small.jpg?fit=854%2C386&ssl=1",854,386,true],"twentytwenty-fullscreen":["https:\/\/i0.wp.com\/pedaleandalucia.com\/wp-content\/uploads\/2022\/05\/Carmona_2-Small.jpg?fit=854%2C386&ssl=1",854,386,true],"pedalea-landscape":["https:\/\/i0.wp.com\/pedaleandalucia.com\/wp-content\/uploads\/2022\/05\/Carmona_2-Small.jpg?resize=500%2C250&ssl=1",500,250,true]},"uagb_author_info":{"display_name":"asanchba","author_link":"https:\/\/pedaleandalucia.com\/gb\/author\/asanchba\/"},"uagb_comment_info":0,"uagb_excerpt":"Carmona, final de la 3\u00aa etapa de la Traves\u00eda C\u00f3rdoba-Sevilla.","jetpack_sharing_enabled":true,"jetpack_shortlink":"https:\/\/wp.me\/s2Lg6v-carmona","jetpack-related-posts":[{"id":2880,"url":"https:\/\/pedaleandalucia.com\/gb\/carmona-joya-unica\/","url_meta":{"origin":2618,"position":0},"title":"Carmona, joya \u00fanica.","author":"asanchba","date":"October 29, 2025","format":false,"excerpt":"Carmona, para disfrutarla con los 5 sentidos.","rel":"","context":"In &quot;Carmona&quot;","block_context":{"text":"Carmona","link":"https:\/\/pedaleandalucia.com\/gb\/category\/carmona\/"},"img":{"alt_text":"Carmona","src":"https:\/\/i0.wp.com\/pedaleandalucia.com\/wp-content\/uploads\/2025\/10\/Carmona-1.1-scaled.jpg?fit=726%2C1200&ssl=1&resize=350%2C200","width":350,"height":200,"srcset":"https:\/\/i0.wp.com\/pedaleandalucia.com\/wp-content\/uploads\/2025\/10\/Carmona-1.1-scaled.jpg?fit=726%2C1200&ssl=1&resize=350%2C200 1x, https:\/\/i0.wp.com\/pedaleandalucia.com\/wp-content\/uploads\/2025\/10\/Carmona-1.1-scaled.jpg?fit=726%2C1200&ssl=1&resize=525%2C300 1.5x, https:\/\/i0.wp.com\/pedaleandalucia.com\/wp-content\/uploads\/2025\/10\/Carmona-1.1-scaled.jpg?fit=726%2C1200&ssl=1&resize=700%2C400 2x"},"classes":[]},{"id":2986,"url":"https:\/\/pedaleandalucia.com\/gb\/carmona-parada-obligada\/","url_meta":{"origin":2618,"position":1},"title":"Carmona, parada obligada.","author":"asanchba","date":"January 15, 2026","format":false,"excerpt":"Etapa en bicicleta de Marchena a Carmona | Traves\u00eda BTT C\u00f3rdoba \u2013 Sevilla","rel":"","context":"In &quot;Carmona&quot;","block_context":{"text":"Carmona","link":"https:\/\/pedaleandalucia.com\/gb\/category\/carmona\/"},"img":{"alt_text":"Etapa en bicicleta de Marchena a Carmona por la campi\u00f1a sevillana","src":"https:\/\/i0.wp.com\/pedaleandalucia.com\/wp-content\/uploads\/2026\/01\/IMG_20241018_163251-scaled.jpg?fit=677%2C1200&ssl=1&resize=350%2C200","width":350,"height":200,"srcset":"https:\/\/i0.wp.com\/pedaleandalucia.com\/wp-content\/uploads\/2026\/01\/IMG_20241018_163251-scaled.jpg?fit=677%2C1200&ssl=1&resize=350%2C200 1x, https:\/\/i0.wp.com\/pedaleandalucia.com\/wp-content\/uploads\/2026\/01\/IMG_20241018_163251-scaled.jpg?fit=677%2C1200&ssl=1&resize=525%2C300 1.5x"},"classes":[]},{"id":2791,"url":"https:\/\/pedaleandalucia.com\/gb\/tiempo-de-relax\/","url_meta":{"origin":2618,"position":2},"title":"Tiempo de Relax","author":"asanchba","date":"February 5, 2025","format":false,"excerpt":"Disfruta de la mejor ruta cicloturista, Traves\u00eda btt C\u00f3rdoba-Sevilla\u00a1","rel":"","context":"In &quot;Carmona&quot;","block_context":{"text":"Carmona","link":"https:\/\/pedaleandalucia.com\/gb\/category\/carmona\/"},"img":{"alt_text":"","src":"https:\/\/i0.wp.com\/pedaleandalucia.com\/wp-content\/uploads\/2025\/02\/Cordoba-Sevilla-1.jpg?fit=491%2C522&ssl=1&resize=350%2C200","width":350,"height":200},"classes":[]},{"id":2845,"url":"https:\/\/pedaleandalucia.com\/gb\/via-verde-de-la-campina\/","url_meta":{"origin":2618,"position":3},"title":"V\u00eda Verde de La Campi\u00f1a","author":"asanchba","date":"March 31, 2025","format":false,"excerpt":"Traves\u00eda C\u00f3rdoba - Sevilla. Paisaje de campi\u00f1a.","rel":"","context":"In &quot;Carmona&quot;","block_context":{"text":"Carmona","link":"https:\/\/pedaleandalucia.com\/gb\/category\/carmona\/"},"img":{"alt_text":"","src":"https:\/\/i0.wp.com\/pedaleandalucia.com\/wp-content\/uploads\/2025\/03\/Campina.jpg?fit=1200%2C542&ssl=1&resize=350%2C200","width":350,"height":200,"srcset":"https:\/\/i0.wp.com\/pedaleandalucia.com\/wp-content\/uploads\/2025\/03\/Campina.jpg?fit=1200%2C542&ssl=1&resize=350%2C200 1x, https:\/\/i0.wp.com\/pedaleandalucia.com\/wp-content\/uploads\/2025\/03\/Campina.jpg?fit=1200%2C542&ssl=1&resize=525%2C300 1.5x, https:\/\/i0.wp.com\/pedaleandalucia.com\/wp-content\/uploads\/2025\/03\/Campina.jpg?fit=1200%2C542&ssl=1&resize=700%2C400 2x, https:\/\/i0.wp.com\/pedaleandalucia.com\/wp-content\/uploads\/2025\/03\/Campina.jpg?fit=1200%2C542&ssl=1&resize=1050%2C600 3x"},"classes":[]},{"id":3027,"url":"https:\/\/pedaleandalucia.com\/gb\/sevilla-inicio-o-final\/","url_meta":{"origin":2618,"position":4},"title":"Sevilla, inicio o final.","author":"asanchba","date":"February 11, 2026","format":false,"excerpt":"Sevilla es el punto de inicio o final perfecto para cuatro d\u00edas de cicloturismo por el interior de Andaluc\u00eda, combinando bicicleta, cultura y experiencia urbana.","rel":"","context":"In &quot;Carmona&quot;","block_context":{"text":"Carmona","link":"https:\/\/pedaleandalucia.com\/gb\/category\/carmona\/"},"img":{"alt_text":"Traves\u00eda BTT Cordoba - Sevilla","src":"https:\/\/i0.wp.com\/pedaleandalucia.com\/wp-content\/uploads\/2026\/01\/IMG20250124181814-scaled-e1769773636379.jpg?fit=400%2C625&ssl=1&resize=350%2C200","width":350,"height":200},"classes":[]},{"id":2799,"url":"https:\/\/pedaleandalucia.com\/gb\/carmona-riqueza-patrimonial\/","url_meta":{"origin":2618,"position":5},"title":"Carmona, riqueza patrimonial","author":"asanchba","date":"February 20, 2025","format":false,"excerpt":"CARMONA, RIQUEZA CULTURAL","rel":"","context":"In &quot;bicicleta el\u00e9ctrica&quot;","block_context":{"text":"bicicleta el\u00e9ctrica","link":"https:\/\/pedaleandalucia.com\/gb\/category\/bicicleta-electrica\/"},"img":{"alt_text":"Carmona","src":"https:\/\/i0.wp.com\/pedaleandalucia.com\/wp-content\/uploads\/2025\/02\/Carmona-2.jpg?fit=491%2C655&ssl=1&resize=350%2C200","width":350,"height":200},"classes":[]}],"_links":{"self":[{"href":"https:\/\/pedaleandalucia.com\/gb\/wp-json\/wp\/v2\/posts\/2618"}],"collection":[{"href":"https:\/\/pedaleandalucia.com\/gb\/wp-json\/wp\/v2\/posts"}],"about":[{"href":"https:\/\/pedaleandalucia.com\/gb\/wp-json\/wp\/v2\/types\/post"}],"author":[{"embeddable":true,"href":"https:\/\/pedaleandalucia.com\/gb\/wp-json\/wp\/v2\/users\/2"}],"replies":[{"embeddable":true,"href":"https:\/\/pedaleandalucia.com\/gb\/wp-json\/wp\/v2\/comments?post=2618"}],"version-history":[{"count":7,"href":"https:\/\/pedaleandalucia.com\/gb\/wp-json\/wp\/v2\/posts\/2618\/revisions"}],"predecessor-version":[{"id":2634,"href":"https:\/\/pedaleandalucia.com\/gb\/wp-json\/wp\/v2\/posts\/2618\/revisions\/2634"}],"wp:featuredmedia":[{"embeddable":true,"href":"https:\/\/pedaleandalucia.com\/gb\/wp-json\/wp\/v2\/media\/2629"}],"wp:attachment":[{"href":"https:\/\/pedaleandalucia.com\/gb\/wp-json\/wp\/v2\/media?parent=2618"}],"wp:term":[{"taxonomy":"category","embeddable":true,"href":"https:\/\/pedaleandalucia.com\/gb\/wp-json\/wp\/v2\/categories?post=2618"},{"taxonomy":"post_tag","embeddable":true,"href":"https:\/\/pedaleandalucia.com\/gb\/wp-json\/wp\/v2\/tags?post=2618"}],"curies":[{"name":"wp","href":"https:\/\/api.w.org\/{rel}","templated":true}]}}