{"id":2124,"date":"2018-10-19T15:51:09","date_gmt":"2018-10-19T15:51:09","guid":{"rendered":"http:\/\/pedaleandalucia.com\/?p=2124"},"modified":"2022-05-04T10:59:54","modified_gmt":"2022-05-04T10:59:54","slug":"sorteamos-2-maillots","status":"publish","type":"post","link":"https:\/\/pedaleandalucia.com\/gb\/sorteamos-2-maillots\/","title":{"rendered":"Sorteamos 2 Maillots"},"content":{"rendered":"\n<p>Atenci\u00f3n amigos queremos promocionar nuestra nueva traves\u00eda, <a href=\"https:\/\/wp.me\/P2Lg6v-qk\" target=\"_blank\" rel=\"noopener\"><strong>Traves\u00eda BTT Parque del Estrecho<\/strong><\/a>, y queremos contar con vuestro apoyo \ud83d\ude42 Entre todos los que compart\u00e1is esta publicaci\u00f3n, sortearemos unos de nuestros maillots de Pedalea Andaluc\u00eda.<\/p>\n\n\n\n<div class=\"wp-block-image\"><figure class=\"alignleft is-resized\"><img loading=\"lazy\" decoding=\"async\" data-attachment-id=\"2078\" data-permalink=\"https:\/\/pedaleandalucia.com\/gb\/travesias\/portada-travesias1\/\" data-orig-file=\"https:\/\/i0.wp.com\/pedaleandalucia.com\/wp-content\/uploads\/2018\/09\/PORTADA-TRAVES\u00cdAS1.jpg?fit=4159%2C2049&amp;ssl=1\" data-orig-size=\"4159,2049\" data-comments-opened=\"0\" data-image-meta=\"{&quot;aperture&quot;:&quot;0&quot;,&quot;credit&quot;:&quot;&quot;,&quot;camera&quot;:&quot;&quot;,&quot;caption&quot;:&quot;&quot;,&quot;created_timestamp&quot;:&quot;0&quot;,&quot;copyright&quot;:&quot;&quot;,&quot;focal_length&quot;:&quot;0&quot;,&quot;iso&quot;:&quot;0&quot;,&quot;shutter_speed&quot;:&quot;0&quot;,&quot;title&quot;:&quot;&quot;,&quot;orientation&quot;:&quot;0&quot;}\" data-image-title=\"PORTADA TRAVES\u00cdAS1\" data-image-description=\"\" data-image-caption=\"\" data-medium-file=\"https:\/\/i0.wp.com\/pedaleandalucia.com\/wp-content\/uploads\/2018\/09\/PORTADA-TRAVES\u00cdAS1.jpg?fit=300%2C148&amp;ssl=1\" data-large-file=\"https:\/\/i0.wp.com\/pedaleandalucia.com\/wp-content\/uploads\/2018\/09\/PORTADA-TRAVES\u00cdAS1.jpg?fit=580%2C285&amp;ssl=1\" src=\"https:\/\/i0.wp.com\/pedaleandalucia.com\/wp-content\/uploads\/2018\/09\/PORTADA-TRAVES\u00cdAS1.jpg?resize=580%2C284\" alt=\"\" class=\"wp-image-2078\" width=\"580\" height=\"284\" srcset=\"https:\/\/i0.wp.com\/pedaleandalucia.com\/wp-content\/uploads\/2018\/09\/PORTADA-TRAVES\u00cdAS1.jpg?resize=300%2C148&amp;ssl=1 300w, https:\/\/i0.wp.com\/pedaleandalucia.com\/wp-content\/uploads\/2018\/09\/PORTADA-TRAVES\u00cdAS1.jpg?resize=768%2C378&amp;ssl=1 768w, https:\/\/i0.wp.com\/pedaleandalucia.com\/wp-content\/uploads\/2018\/09\/PORTADA-TRAVES\u00cdAS1.jpg?resize=1024%2C504&amp;ssl=1 1024w, https:\/\/i0.wp.com\/pedaleandalucia.com\/wp-content\/uploads\/2018\/09\/PORTADA-TRAVES\u00cdAS1.jpg?resize=400%2C197&amp;ssl=1 400w, https:\/\/i0.wp.com\/pedaleandalucia.com\/wp-content\/uploads\/2018\/09\/PORTADA-TRAVES\u00cdAS1.jpg?zoom=2&amp;resize=580%2C284&amp;ssl=1 1160w, https:\/\/i0.wp.com\/pedaleandalucia.com\/wp-content\/uploads\/2018\/09\/PORTADA-TRAVES\u00cdAS1.jpg?zoom=3&amp;resize=580%2C284&amp;ssl=1 1740w\" sizes=\"(max-width: 580px) 100vw, 580px\" data-recalc-dims=\"1\" \/><\/figure><\/div>\n","protected":false},"excerpt":{"rendered":"<p>Atenci\u00f3n amigos queremos promocionar nuestra nueva traves\u00eda, Traves\u00eda BTT Parque del Estrecho, y queremos contar con vuestro apoyo \ud83d\ude42 Entre todos los que compart\u00e1is esta publicaci\u00f3n, sortearemos unos de nuestros maillots de Pedalea Andaluc\u00eda.<\/p>\n","protected":false},"author":2,"featured_media":0,"comment_status":"open","ping_status":"open","sticky":false,"template":"","format":"standard","meta":{"_coblocks_attr":"","_coblocks_dimensions":"","_coblocks_responsive_height":"","_coblocks_accordion_ie_support":"","_uag_custom_page_level_css":"","jetpack_post_was_ever_published":false,"_jetpack_newsletter_access":"","_jetpack_newsletter_tier_id":0,"footnotes":"","jetpack_publicize_message":"","jetpack_is_tweetstorm":false,"jetpack_publicize_feature_enabled":true,"jetpack_social_post_already_shared":true,"jetpack_social_options":{"image_generator_settings":{"template":"highway","enabled":false}}},"categories":[68,66,33,19,31,32],"tags":[83,26],"translation":{"provider":"WPGlobus","version":"3.0.0","language":"gb","enabled_languages":["es","gb"],"languages":{"es":{"title":true,"content":true,"excerpt":false},"gb":{"title":false,"content":false,"excerpt":false}}},"jetpack_publicize_connections":[],"featured_image_urls":{"full":"","thumbnail":"","medium":"","medium_large":"","large":"","1536x1536":"","2048x2048":"","post-thumbnail":"","twentytwenty-fullscreen":"","pedalea-landscape":""},"post_excerpt_stackable":"<p>Atenci\u00f3n amigos queremos promocionar nuestra nueva traves\u00eda, Traves\u00eda BTT Parque del Estrecho, y queremos contar con vuestro apoyo \ud83d\ude42 Entre todos los que compart\u00e1is esta publicaci\u00f3n, sortearemos unos de nuestros maillots de Pedalea Andaluc\u00eda.<\/p>\n","category_list":"<a href=\"https:\/\/pedaleandalucia.com\/gb\/category\/cicloturismo\/\" rel=\"category tag\">cicloturismo<\/a>, <a href=\"https:\/\/pedaleandalucia.com\/gb\/category\/noticias-pedalea-andalucia\/\" rel=\"category tag\">Noticias Pedalea Andalucia<\/a>, <a href=\"https:\/\/pedaleandalucia.com\/gb\/category\/rutas-btt\/\" rel=\"category tag\">rutas btt<\/a>, <a href=\"https:\/\/pedaleandalucia.com\/gb\/category\/rutas-nuevas\/\" rel=\"category tag\">Rutas nuevas<\/a>, <a href=\"https:\/\/pedaleandalucia.com\/gb\/category\/travesia-btt\/\" rel=\"category tag\">traves\u00eda btt<\/a>, <a href=\"https:\/\/pedaleandalucia.com\/gb\/category\/travesias-btt\/\" rel=\"category tag\">traves\u00edas btt<\/a>","author_info":{"name":"asanchba","url":"https:\/\/pedaleandalucia.com\/gb\/author\/asanchba\/"},"comments_num":"0 comments","featured_image_urls_v2":{"full":"","thumbnail":"","medium":"","medium_large":"","large":"","1536x1536":"","2048x2048":"","post-thumbnail":"","twentytwenty-fullscreen":"","pedalea-landscape":""},"post_excerpt_stackable_v2":"<p>Atenci\u00f3n amigos queremos promocionar nuestra nueva traves\u00eda, Traves\u00eda BTT Parque del Estrecho, y queremos contar con vuestro apoyo \ud83d\ude42 Entre todos los que compart\u00e1is esta publicaci\u00f3n, sortearemos unos de nuestros maillots de Pedalea Andaluc\u00eda.<\/p>\n","category_list_v2":"<a href=\"https:\/\/pedaleandalucia.com\/gb\/category\/cicloturismo\/\" rel=\"category tag\">cicloturismo<\/a>, <a href=\"https:\/\/pedaleandalucia.com\/gb\/category\/noticias-pedalea-andalucia\/\" rel=\"category tag\">Noticias Pedalea Andalucia<\/a>, <a href=\"https:\/\/pedaleandalucia.com\/gb\/category\/rutas-btt\/\" rel=\"category tag\">rutas btt<\/a>, <a href=\"https:\/\/pedaleandalucia.com\/gb\/category\/rutas-nuevas\/\" rel=\"category tag\">Rutas nuevas<\/a>, <a href=\"https:\/\/pedaleandalucia.com\/gb\/category\/travesia-btt\/\" rel=\"category tag\">traves\u00eda btt<\/a>, <a href=\"https:\/\/pedaleandalucia.com\/gb\/category\/travesias-btt\/\" rel=\"category tag\">traves\u00edas btt<\/a>","author_info_v2":{"name":"asanchba","url":"https:\/\/pedaleandalucia.com\/gb\/author\/asanchba\/"},"comments_num_v2":"0 comments","jetpack_featured_media_url":"","uagb_featured_image_src":{"full":false,"thumbnail":false,"medium":false,"medium_large":false,"large":false,"1536x1536":false,"2048x2048":false,"post-thumbnail":false,"twentytwenty-fullscreen":false,"pedalea-landscape":false},"uagb_author_info":{"display_name":"asanchba","author_link":"https:\/\/pedaleandalucia.com\/gb\/author\/asanchba\/"},"uagb_comment_info":0,"uagb_excerpt":"Atenci\u00f3n amigos queremos promocionar nuestra nueva traves\u00eda, Traves\u00eda BTT Parque del Estrecho, y queremos contar con vuestro apoyo \ud83d\ude42 Entre todos los que compart\u00e1is esta publicaci\u00f3n, sortearemos unos de nuestros maillots de Pedalea Andaluc\u00eda.","jetpack_sharing_enabled":true,"jetpack_shortlink":"https:\/\/wp.me\/p2Lg6v-yg","jetpack-related-posts":[{"id":1567,"url":"https:\/\/pedaleandalucia.com\/gb\/pedalea-andalucia-con-la-ix-ibaigorri-btt\/","url_meta":{"origin":2124,"position":0},"title":"Pedalea Andaluc\u00eda con la IX IBAIGORRI BTT","author":"asanchba","date":"March 8, 2017","format":false,"excerpt":"Dentro de un nuevo plan de acci\u00f3n promocional, desde Pedalea Andaluc\u00eda queremos colaborar con\u00a0diferentes pruebas BTT. En esta primera ocasi\u00f3n lo hacemos con la Ibaigorri BTT de Ler\u00edn (Navarra), con dos recorridos de 33\u00a0y 55\u00a0km y 4 avituallamientos har\u00e1n de esta 9\u00aa edici\u00f3n un \u00e9xito asegurado. La organizaci\u00f3n sortear\u00e1 entre\u2026","rel":"","context":"In &quot;cicloturismo&quot;","block_context":{"text":"cicloturismo","link":"https:\/\/pedaleandalucia.com\/gb\/category\/cicloturismo\/"},"img":{"alt_text":"","src":"","width":0,"height":0},"classes":[]},{"id":1593,"url":"https:\/\/pedaleandalucia.com\/gb\/ix-ruta-btt-pico-da-lebre\/","url_meta":{"origin":2124,"position":1},"title":"IX Ruta BTT Pico Da Lebre","author":"asanchba","date":"March 27, 2017","format":false,"excerpt":"En el mes de abril, tenemos dos colaboraciones m\u00e1s, la primera con el Club Ciclista Foz y la IX Ruta BTT Pico da Lebre que ellos mismos organizan, en esta carrera podr\u00e9is disfrutar\u00a0de los senderos de la Capilla del Santo, del transcurso del r\u00edo Ouro, de las sinuosas bajadas del\u2026","rel":"","context":"In &quot;cicloturismo&quot;","block_context":{"text":"cicloturismo","link":"https:\/\/pedaleandalucia.com\/gb\/category\/cicloturismo\/"},"img":{"alt_text":"","src":"","width":0,"height":0},"classes":[]},{"id":1606,"url":"https:\/\/pedaleandalucia.com\/gb\/andalucia365cycling\/","url_meta":{"origin":2124,"position":2},"title":"#Andalucia365cycling","author":"asanchba","date":"July 13, 2017","format":false,"excerpt":"Quiz\u00e1s hay\u00e1is podido ver ya en alguna de nuestras publicaciones en RRSS el nuevo hashtag #Andalucia365cycling. Desde este momento queremos lanzarlo y utilizarlo como concepto para mostrar que Andaluc\u00eda tiene las caracter\u00edsticas id\u00f3neas para la pr\u00e1ctica del ciclismo los 365 d\u00edas del a\u00f1o. Dentro de las traves\u00edas que ofrecemos, dependiendo\u2026","rel":"","context":"In &quot;Cabo de Gata&quot;","block_context":{"text":"Cabo de Gata","link":"https:\/\/pedaleandalucia.com\/gb\/category\/cabo-de-gata-2\/"},"img":{"alt_text":"","src":"https:\/\/i0.wp.com\/pedaleandalucia.com\/wp-content\/uploads\/2017\/07\/Andalucia365cycling.jpg?fit=450%2C289&ssl=1&resize=350%2C200","width":350,"height":200},"classes":[]},{"id":3008,"url":"https:\/\/pedaleandalucia.com\/gb\/pedalea-en-invierno\/","url_meta":{"origin":2124,"position":3},"title":"Pedalea en invierno","author":"asanchba","date":"January 28, 2026","format":false,"excerpt":"Pedalear Andaluc\u00eda en invierno, es descubrirla a otro ritmo.","rel":"","context":"In &quot;Almer\u00eda&quot;","block_context":{"text":"Almer\u00eda","link":"https:\/\/pedaleandalucia.com\/gb\/category\/almeria\/"},"img":{"alt_text":"","src":"https:\/\/i0.wp.com\/pedaleandalucia.com\/wp-content\/uploads\/2026\/01\/IMG20241024120012-scaled-e1768564451672.jpg?fit=300%2C532&ssl=1&resize=350%2C200","width":350,"height":200},"classes":[]},{"id":890,"url":"https:\/\/pedaleandalucia.com\/gb\/pedalea-andalucia-en-el-portal-no1-de-turismo-spain-info\/","url_meta":{"origin":2124,"position":4},"title":"Pedalea Andaluc\u00eda en el portal n\u00ba1 de turismo, spain.info","author":"asanchba","date":"May 14, 2014","format":false,"excerpt":"Desde el pasado mes de abril, nuestras traves\u00edas aparecen en el portal de referencia de turismo en Espa\u00f1a, www.spain.info. Todo un logro que confirma la calidad de nuestras traves\u00edas y profesionalidad de Pedalea Andaluc\u00eda. Esperemos que sea un buen escaparate y que la gente que quiera disfrutar del cicloturismo de\u2026","rel":"","context":"In &quot;rutas btt&quot;","block_context":{"text":"rutas btt","link":"https:\/\/pedaleandalucia.com\/gb\/category\/rutas-btt\/"},"img":{"alt_text":"","src":"https:\/\/i0.wp.com\/pedaleandalucia.com\/wp-content\/uploads\/2014\/05\/spain.info_.jpg?fit=501%2C440&ssl=1&resize=350%2C200","width":350,"height":200},"classes":[]},{"id":1352,"url":"https:\/\/pedaleandalucia.com\/gb\/noticias-frescas-breaking-news\/","url_meta":{"origin":2124,"position":5},"title":"NOTICIAS FRESCAS, Breaking News!!!","author":"asanchba","date":"January 26, 2016","format":false,"excerpt":"En estos meses de \"invierno\" que m\u00e1s parecen primavera, no nos quedamos quietos, los estamos aprovechando para que en esta nueva temporada pod\u00e1is disfrutar de las mejoras en los recorridos de las traves\u00edas que ya tenemos en marcha y para lanzaros un nuevo reto, los que tienen flaca, tambi\u00e9n van\u2026","rel":"","context":"In &quot;Cabo de Gata&quot;","block_context":{"text":"Cabo de Gata","link":"https:\/\/pedaleandalucia.com\/gb\/category\/cabo-de-gata-2\/"},"img":{"alt_text":"","src":"https:\/\/i0.wp.com\/pedaleandalucia.com\/wp-content\/uploads\/2016\/01\/Pedalea-paperboy.jpg?fit=1200%2C599&ssl=1&resize=350%2C200","width":350,"height":200,"srcset":"https:\/\/i0.wp.com\/pedaleandalucia.com\/wp-content\/uploads\/2016\/01\/Pedalea-paperboy.jpg?fit=1200%2C599&ssl=1&resize=350%2C200 1x, https:\/\/i0.wp.com\/pedaleandalucia.com\/wp-content\/uploads\/2016\/01\/Pedalea-paperboy.jpg?fit=1200%2C599&ssl=1&resize=525%2C300 1.5x, https:\/\/i0.wp.com\/pedaleandalucia.com\/wp-content\/uploads\/2016\/01\/Pedalea-paperboy.jpg?fit=1200%2C599&ssl=1&resize=700%2C400 2x, https:\/\/i0.wp.com\/pedaleandalucia.com\/wp-content\/uploads\/2016\/01\/Pedalea-paperboy.jpg?fit=1200%2C599&ssl=1&resize=1050%2C600 3x"},"classes":[]}],"_links":{"self":[{"href":"https:\/\/pedaleandalucia.com\/gb\/wp-json\/wp\/v2\/posts\/2124"}],"collection":[{"href":"https:\/\/pedaleandalucia.com\/gb\/wp-json\/wp\/v2\/posts"}],"about":[{"href":"https:\/\/pedaleandalucia.com\/gb\/wp-json\/wp\/v2\/types\/post"}],"author":[{"embeddable":true,"href":"https:\/\/pedaleandalucia.com\/gb\/wp-json\/wp\/v2\/users\/2"}],"replies":[{"embeddable":true,"href":"https:\/\/pedaleandalucia.com\/gb\/wp-json\/wp\/v2\/comments?post=2124"}],"version-history":[{"count":3,"href":"https:\/\/pedaleandalucia.com\/gb\/wp-json\/wp\/v2\/posts\/2124\/revisions"}],"predecessor-version":[{"id":2611,"href":"https:\/\/pedaleandalucia.com\/gb\/wp-json\/wp\/v2\/posts\/2124\/revisions\/2611"}],"wp:attachment":[{"href":"https:\/\/pedaleandalucia.com\/gb\/wp-json\/wp\/v2\/media?parent=2124"}],"wp:term":[{"taxonomy":"category","embeddable":true,"href":"https:\/\/pedaleandalucia.com\/gb\/wp-json\/wp\/v2\/categories?post=2124"},{"taxonomy":"post_tag","embeddable":true,"href":"https:\/\/pedaleandalucia.com\/gb\/wp-json\/wp\/v2\/tags?post=2124"}],"curies":[{"name":"wp","href":"https:\/\/api.w.org\/{rel}","templated":true}]}}