{"id":1850,"date":"2018-01-08T17:42:43","date_gmt":"2018-01-08T17:42:43","guid":{"rendered":"http:\/\/pedaleandalucia.com\/?p=1850"},"modified":"2018-01-05T16:34:01","modified_gmt":"2018-01-05T16:34:01","slug":"transcazorla-mtb-pino-de-felix-rodriguez-de-la-fuente","status":"publish","type":"post","link":"https:\/\/pedaleandalucia.com\/gb\/transcazorla-mtb-pino-de-felix-rodriguez-de-la-fuente\/","title":{"rendered":"TransCazorla MTB. Pino de F\u00e9lix Rodr\u00edguez de la Fuente."},"content":{"rendered":"<p>En la &#8220;infinita&#8221; pista de subida hacia los Campos de Hern\u00e1n Perea (etapa 2) pasar\u00e9is por varios lugares de inter\u00e9s entre ellos est\u00e1n por ejemplo por uno de los \u00e1rboles m\u00e1s singulares del parque (junto con los Tejos Milenarios), se trata del Pino F\u00e9lix Rodr\u00edguez de la Fuente, que recibe su nombre ya que en sus proximidades se grabaron varios episodios de la famosa serie El Hombre y la Tierra. Su tronco tiene un per\u00edmetro de 4\u00b45m y tiene una altura total de 24m. A partir de este punto se inicia un peque\u00f1o descenso hasta la entrada a los Campos.<\/p>\n<p>Ten\u00e9is toda la informaci\u00f3n de la traves\u00eda en:<\/p>\n<p>&nbsp;<\/p>\n<p><a href=\"http:\/\/pedaleandalucia.com\/travesia-1\/\" target=\"_blank\" rel=\"noopener\">TransCazorla MTB<\/a><\/p>\n<p>&nbsp;<\/p>\n<p>#Andalucia365cycling\u00a0 #TranscazorlaMTB\u00a0 #PinoFelixRodriguezdelaFuente<\/p>\n<p>&nbsp;<\/p>\n<p><img loading=\"lazy\" decoding=\"async\" data-attachment-id=\"1851\" data-permalink=\"https:\/\/pedaleandalucia.com\/gb\/transcazorla-mtb-pino-de-felix-rodriguez-de-la-fuente\/cof\/\" data-orig-file=\"https:\/\/i0.wp.com\/pedaleandalucia.com\/wp-content\/uploads\/2018\/01\/IMG_20170616_132250-2.jpg?fit=2240%2C3968&amp;ssl=1\" data-orig-size=\"2240,3968\" data-comments-opened=\"0\" data-image-meta=\"{&quot;aperture&quot;:&quot;2.2&quot;,&quot;credit&quot;:&quot;&quot;,&quot;camera&quot;:&quot;VIE-L09&quot;,&quot;caption&quot;:&quot;cof&quot;,&quot;created_timestamp&quot;:&quot;1497619371&quot;,&quot;copyright&quot;:&quot;&quot;,&quot;focal_length&quot;:&quot;4.5&quot;,&quot;iso&quot;:&quot;50&quot;,&quot;shutter_speed&quot;:&quot;0.000907&quot;,&quot;title&quot;:&quot;cof&quot;,&quot;orientation&quot;:&quot;1&quot;}\" data-image-title=\"cof\" data-image-description=\"\" data-image-caption=\"&lt;p&gt;cof&lt;\/p&gt;\n\" data-medium-file=\"https:\/\/i0.wp.com\/pedaleandalucia.com\/wp-content\/uploads\/2018\/01\/IMG_20170616_132250-2.jpg?fit=169%2C300&amp;ssl=1\" data-large-file=\"https:\/\/i0.wp.com\/pedaleandalucia.com\/wp-content\/uploads\/2018\/01\/IMG_20170616_132250-2.jpg?fit=578%2C1024&amp;ssl=1\" class=\"alignnone wp-image-1851 size-large\" src=\"https:\/\/i0.wp.com\/pedaleandalucia.com\/wp-content\/uploads\/2018\/01\/IMG_20170616_132250-2-578x1024.jpg?resize=578%2C1024\" alt=\"\" width=\"578\" height=\"1024\" srcset=\"https:\/\/i0.wp.com\/pedaleandalucia.com\/wp-content\/uploads\/2018\/01\/IMG_20170616_132250-2.jpg?resize=578%2C1024&amp;ssl=1 578w, https:\/\/i0.wp.com\/pedaleandalucia.com\/wp-content\/uploads\/2018\/01\/IMG_20170616_132250-2.jpg?resize=169%2C300&amp;ssl=1 169w, https:\/\/i0.wp.com\/pedaleandalucia.com\/wp-content\/uploads\/2018\/01\/IMG_20170616_132250-2.jpg?resize=768%2C1360&amp;ssl=1 768w, https:\/\/i0.wp.com\/pedaleandalucia.com\/wp-content\/uploads\/2018\/01\/IMG_20170616_132250-2.jpg?resize=158%2C280&amp;ssl=1 158w, https:\/\/i0.wp.com\/pedaleandalucia.com\/wp-content\/uploads\/2018\/01\/IMG_20170616_132250-2.jpg?w=1160&amp;ssl=1 1160w, https:\/\/i0.wp.com\/pedaleandalucia.com\/wp-content\/uploads\/2018\/01\/IMG_20170616_132250-2.jpg?w=1740&amp;ssl=1 1740w\" sizes=\"(max-width: 578px) 100vw, 578px\" data-recalc-dims=\"1\" \/><\/p>\n","protected":false},"excerpt":{"rendered":"<p>En la &#8220;infinita&#8221; pista de subida hacia los Campos de Hern\u00e1n Perea (etapa 2) pasar\u00e9is por varios lugares de inter\u00e9s entre ellos est\u00e1n por ejemplo por uno de los \u00e1rboles m\u00e1s singulares del parque (junto con los Tejos Milenarios), se trata del Pino F\u00e9lix Rodr\u00edguez de la Fuente, que recibe su nombre ya que en [&hellip;]<\/p>\n","protected":false},"author":2,"featured_media":0,"comment_status":"open","ping_status":"open","sticky":false,"template":"","format":"standard","meta":{"_coblocks_attr":"","_coblocks_dimensions":"","_coblocks_responsive_height":"","_coblocks_accordion_ie_support":"","_uag_custom_page_level_css":"","jetpack_post_was_ever_published":false,"_jetpack_newsletter_access":"","_jetpack_newsletter_tier_id":0,"footnotes":"","jetpack_publicize_message":"","jetpack_is_tweetstorm":false,"jetpack_publicize_feature_enabled":true,"jetpack_social_post_already_shared":true,"jetpack_social_options":{"image_generator_settings":{"template":"highway","enabled":false}}},"categories":[39,68,42,86,31,32],"tags":[85,23,28,27,30],"translation":{"provider":"WPGlobus","version":"3.0.0","language":"gb","enabled_languages":["es","gb"],"languages":{"es":{"title":true,"content":true,"excerpt":false},"gb":{"title":false,"content":false,"excerpt":false}}},"jetpack_publicize_connections":[],"featured_image_urls":{"full":"","thumbnail":"","medium":"","medium_large":"","large":"","1536x1536":"","2048x2048":"","post-thumbnail":"","twentytwenty-fullscreen":"","pedalea-landscape":""},"post_excerpt_stackable":"<p>En la &#8220;infinita&#8221; pista de subida hacia los Campos de Hern\u00e1n Perea (etapa 2) pasar\u00e9is por varios lugares de inter\u00e9s entre ellos est\u00e1n por ejemplo por uno de los \u00e1rboles m\u00e1s singulares del parque (junto con los Tejos Milenarios), se trata del Pino F\u00e9lix Rodr\u00edguez de la Fuente, que recibe su nombre ya que en sus proximidades se grabaron varios episodios de la famosa serie El Hombre y la Tierra. Su tronco tiene un per\u00edmetro de 4\u00b45m y tiene una altura total de 24m. A partir de este punto se inicia un peque\u00f1o descenso hasta la entrada a los Campos.&hellip;<\/p>\n","category_list":"<a href=\"https:\/\/pedaleandalucia.com\/gb\/category\/cazorla\/\" rel=\"category tag\">Cazorla<\/a>, <a href=\"https:\/\/pedaleandalucia.com\/gb\/category\/cicloturismo\/\" rel=\"category tag\">cicloturismo<\/a>, <a href=\"https:\/\/pedaleandalucia.com\/gb\/category\/cicloviajes\/\" rel=\"category tag\">cicloviajes<\/a>, <a href=\"https:\/\/pedaleandalucia.com\/gb\/category\/transcazorla-mtb\/\" rel=\"category tag\">Transcazorla MTB<\/a>, <a href=\"https:\/\/pedaleandalucia.com\/gb\/category\/travesia-btt\/\" rel=\"category tag\">traves\u00eda btt<\/a>, <a href=\"https:\/\/pedaleandalucia.com\/gb\/category\/travesias-btt\/\" rel=\"category tag\">traves\u00edas btt<\/a>","author_info":{"name":"asanchba","url":"https:\/\/pedaleandalucia.com\/gb\/author\/asanchba\/"},"comments_num":"0 comments","featured_image_urls_v2":{"full":"","thumbnail":"","medium":"","medium_large":"","large":"","1536x1536":"","2048x2048":"","post-thumbnail":"","twentytwenty-fullscreen":"","pedalea-landscape":""},"post_excerpt_stackable_v2":"<p>En la &#8220;infinita&#8221; pista de subida hacia los Campos de Hern\u00e1n Perea (etapa 2) pasar\u00e9is por varios lugares de inter\u00e9s entre ellos est\u00e1n por ejemplo por uno de los \u00e1rboles m\u00e1s singulares del parque (junto con los Tejos Milenarios), se trata del Pino F\u00e9lix Rodr\u00edguez de la Fuente, que recibe su nombre ya que en sus proximidades se grabaron varios episodios de la famosa serie El Hombre y la Tierra. Su tronco tiene un per\u00edmetro de 4\u00b45m y tiene una altura total de 24m. A partir de este punto se inicia un peque\u00f1o descenso hasta la entrada a los Campos.&hellip;<\/p>\n","category_list_v2":"<a href=\"https:\/\/pedaleandalucia.com\/gb\/category\/cazorla\/\" rel=\"category tag\">Cazorla<\/a>, <a href=\"https:\/\/pedaleandalucia.com\/gb\/category\/cicloturismo\/\" rel=\"category tag\">cicloturismo<\/a>, <a href=\"https:\/\/pedaleandalucia.com\/gb\/category\/cicloviajes\/\" rel=\"category tag\">cicloviajes<\/a>, <a href=\"https:\/\/pedaleandalucia.com\/gb\/category\/transcazorla-mtb\/\" rel=\"category tag\">Transcazorla MTB<\/a>, <a href=\"https:\/\/pedaleandalucia.com\/gb\/category\/travesia-btt\/\" rel=\"category tag\">traves\u00eda btt<\/a>, <a href=\"https:\/\/pedaleandalucia.com\/gb\/category\/travesias-btt\/\" rel=\"category tag\">traves\u00edas btt<\/a>","author_info_v2":{"name":"asanchba","url":"https:\/\/pedaleandalucia.com\/gb\/author\/asanchba\/"},"comments_num_v2":"0 comments","jetpack_featured_media_url":"","uagb_featured_image_src":{"full":false,"thumbnail":false,"medium":false,"medium_large":false,"large":false,"1536x1536":false,"2048x2048":false,"post-thumbnail":false,"twentytwenty-fullscreen":false,"pedalea-landscape":false},"uagb_author_info":{"display_name":"asanchba","author_link":"https:\/\/pedaleandalucia.com\/gb\/author\/asanchba\/"},"uagb_comment_info":0,"uagb_excerpt":"En la &#8220;infinita&#8221; pista de subida hacia los Campos de Hern\u00e1n Perea (etapa 2) pasar\u00e9is por varios lugares de inter\u00e9s entre ellos est\u00e1n por ejemplo por uno de los \u00e1rboles m\u00e1s singulares del parque (junto con los Tejos Milenarios), se trata del Pino F\u00e9lix Rodr\u00edguez de la Fuente, que recibe su nombre ya que en&hellip;","jetpack_sharing_enabled":true,"jetpack_shortlink":"https:\/\/wp.me\/p2Lg6v-tQ","jetpack-related-posts":[{"id":1858,"url":"https:\/\/pedaleandalucia.com\/gb\/transcazorla-mtb-cerro-piornal-bosques-de-pinos\/","url_meta":{"origin":1850,"position":0},"title":"TransCazorla MTB. Cerro Piornal. Bosques de Pinos.","author":"asanchba","date":"February 5, 2018","format":false,"excerpt":"Una de las subidas m\u00e1s espectaculares de la traves\u00eda, tanto por el impresionante bosque de pino por el que transita, como por las vistas que se disfrutan. unos kil\u00f3metros en los que el camino queda cubierto por la pinaza, amortiguando nuestro paso... d\u00e1ndole un toque muy especial. Una subida 100%\u2026","rel":"","context":"In &quot;Cazorla&quot;","block_context":{"text":"Cazorla","link":"https:\/\/pedaleandalucia.com\/gb\/category\/cazorla\/"},"img":{"alt_text":"","src":"https:\/\/i0.wp.com\/pedaleandalucia.com\/wp-content\/uploads\/2018\/01\/IMG_20170617_110146-2-1024x578.jpg?resize=350%2C200","width":350,"height":200,"srcset":"https:\/\/i0.wp.com\/pedaleandalucia.com\/wp-content\/uploads\/2018\/01\/IMG_20170617_110146-2-1024x578.jpg?resize=350%2C200 1x, https:\/\/i0.wp.com\/pedaleandalucia.com\/wp-content\/uploads\/2018\/01\/IMG_20170617_110146-2-1024x578.jpg?resize=525%2C300 1.5x"},"classes":[]},{"id":1899,"url":"https:\/\/pedaleandalucia.com\/gb\/transcazorla-mtb-atardeciendo-en-la-sierra-de-cazorla\/","url_meta":{"origin":1850,"position":1},"title":"TransCazorla MTB. Atardeciendo en la Sierra de Cazorla.","author":"asanchba","date":"February 28, 2018","format":false,"excerpt":"Disfrutar de este sendero al finalizar la traves\u00eda, es toda una experiencia, entrar en Cazorla tiene hasta un sabor agridulce despu\u00e9s de haber montado estos d\u00edas por el parque natural.... Siempre queremos m\u00e1s :D \u00a0 Toda la info en: \u00a0 TransCazorla MTB \u00a0 #Andalucia365cycling\u00a0 #TransCazorlaMTB\u00a0 #SierradeCazorla \u00a0 \u00a0","rel":"","context":"In &quot;cicloturismo&quot;","block_context":{"text":"cicloturismo","link":"https:\/\/pedaleandalucia.com\/gb\/category\/cicloturismo\/"},"img":{"alt_text":"","src":"https:\/\/i0.wp.com\/pedaleandalucia.com\/wp-content\/uploads\/2018\/01\/IMG_20170918_201144-2-1024x768.jpg?resize=350%2C200","width":350,"height":200,"srcset":"https:\/\/i0.wp.com\/pedaleandalucia.com\/wp-content\/uploads\/2018\/01\/IMG_20170918_201144-2-1024x768.jpg?resize=350%2C200 1x, https:\/\/i0.wp.com\/pedaleandalucia.com\/wp-content\/uploads\/2018\/01\/IMG_20170918_201144-2-1024x768.jpg?resize=525%2C300 1.5x"},"classes":[]},{"id":1702,"url":"https:\/\/pedaleandalucia.com\/gb\/transcazorla-zona-de-las-buitreras\/","url_meta":{"origin":1850,"position":2},"title":"TransCazorla. Zona de las Buitreras","author":"asanchba","date":"October 17, 2017","format":false,"excerpt":"Cerca de Cazorla, en la primera etapa de la traves\u00eda, recorrer\u00e9is la pista que os lleva a El Chorro. A parte de ser un lugar con una cascada espectacular en \u00e9poca de lluvia, cuenta con varios cortados de roca usados por la numerosa poblaci\u00f3n de buitres que viven en el\u2026","rel":"","context":"In &quot;Cazorla&quot;","block_context":{"text":"Cazorla","link":"https:\/\/pedaleandalucia.com\/gb\/category\/cazorla\/"},"img":{"alt_text":"","src":"https:\/\/i0.wp.com\/pedaleandalucia.com\/wp-content\/uploads\/2017\/08\/IMG_20170813_141724_1-EFFECTS.jpg?resize=350%2C200","width":350,"height":200,"srcset":"https:\/\/i0.wp.com\/pedaleandalucia.com\/wp-content\/uploads\/2017\/08\/IMG_20170813_141724_1-EFFECTS.jpg?resize=350%2C200 1x, https:\/\/i0.wp.com\/pedaleandalucia.com\/wp-content\/uploads\/2017\/08\/IMG_20170813_141724_1-EFFECTS.jpg?resize=525%2C300 1.5x"},"classes":[]},{"id":1973,"url":"https:\/\/pedaleandalucia.com\/gb\/transcazorla-mtb-cerro-del-lobo\/","url_meta":{"origin":1850,"position":3},"title":"TransCazorla MTB. Cerro del Lobo.","author":"asanchba","date":"May 18, 2018","format":false,"excerpt":"En uno de los puntos m\u00e1s deshabitados del parque natural, antes de llegar a las aldeas abandonadas de Los Centenares y Las Canalejas, pasar\u00e9is por uno de los senderos m\u00e1s espectaculares de la traves\u00eda. Cerca de Cerro del Lobo pedalear\u00e9is por un sendero bastante suelto y a\u00e9reo que pondr\u00e1 a\u2026","rel":"","context":"In &quot;Cazorla&quot;","block_context":{"text":"Cazorla","link":"https:\/\/pedaleandalucia.com\/gb\/category\/cazorla\/"},"img":{"alt_text":"","src":"https:\/\/i0.wp.com\/pedaleandalucia.com\/wp-content\/uploads\/2018\/04\/IMG-20160927-WA0010-2-1024x768.jpg?resize=350%2C200","width":350,"height":200,"srcset":"https:\/\/i0.wp.com\/pedaleandalucia.com\/wp-content\/uploads\/2018\/04\/IMG-20160927-WA0010-2-1024x768.jpg?resize=350%2C200 1x, https:\/\/i0.wp.com\/pedaleandalucia.com\/wp-content\/uploads\/2018\/04\/IMG-20160927-WA0010-2-1024x768.jpg?resize=525%2C300 1.5x"},"classes":[]},{"id":1854,"url":"https:\/\/pedaleandalucia.com\/gb\/transcazorla-mtb-panoramica-campos-de-hernan-perea\/","url_meta":{"origin":1850,"position":4},"title":"TransCazorla MTB. Panor\u00e1mica Campos de Hern\u00e1n Perea.","author":"asanchba","date":"January 22, 2018","format":false,"excerpt":"Los Campos de Hern\u00e1n Perea (etapa 2) es la mayor altiplanicie de toda la Pen\u00ednsula Ib\u00e9rica,\u00a0con una altitud media de 1600-1700 metros y una extensi\u00f3n de m\u00e1s de cinco mil hect\u00e1reas. Este vasto altiplano representa uno de los paisajes m\u00e1s singulares que se pueden encontrar en el Parque Natural, ya\u2026","rel":"","context":"In &quot;Cazorla&quot;","block_context":{"text":"Cazorla","link":"https:\/\/pedaleandalucia.com\/gb\/category\/cazorla\/"},"img":{"alt_text":"","src":"","width":0,"height":0},"classes":[]},{"id":1996,"url":"https:\/\/pedaleandalucia.com\/gb\/transcazorla-mtb-bajada-hacia-la-mocha\/","url_meta":{"origin":1850,"position":5},"title":"TransCazorla MTB. Bajada hacia La Mocha.","author":"asanchba","date":"May 21, 2018","format":false,"excerpt":"Os encontrar\u00e9is con esta bajada en la \u00faltima etapa de la TransCazorla de 4 d\u00edas. Desde el puerto del Tejo, durante unos 7 km de bajada continua por un sendero bastante pedregoso os dar\u00e1 acceso al \u00faltimo tramo de bajada unas zetas espectaculares por la ladera de la Mocha, un\u2026","rel":"","context":"In &quot;Cazorla&quot;","block_context":{"text":"Cazorla","link":"https:\/\/pedaleandalucia.com\/gb\/category\/cazorla\/"},"img":{"alt_text":"","src":"https:\/\/i0.wp.com\/pedaleandalucia.com\/wp-content\/uploads\/2018\/05\/IMG_20180519_190708_512-2-1024x768.jpg?resize=350%2C200","width":350,"height":200,"srcset":"https:\/\/i0.wp.com\/pedaleandalucia.com\/wp-content\/uploads\/2018\/05\/IMG_20180519_190708_512-2-1024x768.jpg?resize=350%2C200 1x, https:\/\/i0.wp.com\/pedaleandalucia.com\/wp-content\/uploads\/2018\/05\/IMG_20180519_190708_512-2-1024x768.jpg?resize=525%2C300 1.5x"},"classes":[]}],"_links":{"self":[{"href":"https:\/\/pedaleandalucia.com\/gb\/wp-json\/wp\/v2\/posts\/1850"}],"collection":[{"href":"https:\/\/pedaleandalucia.com\/gb\/wp-json\/wp\/v2\/posts"}],"about":[{"href":"https:\/\/pedaleandalucia.com\/gb\/wp-json\/wp\/v2\/types\/post"}],"author":[{"embeddable":true,"href":"https:\/\/pedaleandalucia.com\/gb\/wp-json\/wp\/v2\/users\/2"}],"replies":[{"embeddable":true,"href":"https:\/\/pedaleandalucia.com\/gb\/wp-json\/wp\/v2\/comments?post=1850"}],"version-history":[{"count":2,"href":"https:\/\/pedaleandalucia.com\/gb\/wp-json\/wp\/v2\/posts\/1850\/revisions"}],"predecessor-version":[{"id":1853,"href":"https:\/\/pedaleandalucia.com\/gb\/wp-json\/wp\/v2\/posts\/1850\/revisions\/1853"}],"wp:attachment":[{"href":"https:\/\/pedaleandalucia.com\/gb\/wp-json\/wp\/v2\/media?parent=1850"}],"wp:term":[{"taxonomy":"category","embeddable":true,"href":"https:\/\/pedaleandalucia.com\/gb\/wp-json\/wp\/v2\/categories?post=1850"},{"taxonomy":"post_tag","embeddable":true,"href":"https:\/\/pedaleandalucia.com\/gb\/wp-json\/wp\/v2\/tags?post=1850"}],"curies":[{"name":"wp","href":"https:\/\/api.w.org\/{rel}","templated":true}]}}