{"id":1560,"date":"2017-03-06T18:43:43","date_gmt":"2017-03-06T18:43:43","guid":{"rendered":"http:\/\/pedaleandalucia.com\/?p=1560"},"modified":"2017-03-05T12:48:47","modified_gmt":"2017-03-05T12:48:47","slug":"hibermacion-2-0","status":"publish","type":"post","link":"https:\/\/pedaleandalucia.com\/gb\/hibermacion-2-0\/","title":{"rendered":"Hibermaci\u00f3n 2.0"},"content":{"rendered":"<p>Antes de que acabemos el invierno ya estamos empezando a desperezarnos\u2026No cre\u00e1is que hemos estado parados, todo lo contrario!! Hemos estado trabajando para poder ofreceros a lo largo de esta nueva temporada muchas novedades! Vais a poder disfrutar de nuevas rutas, servicios, sorteos y canal de comunicaci\u00f3n \ud83d\ude42 En los pr\u00f3ximos d\u00edas iremos anunciando todas las novedades. Estad atentos!!<\/p>\n","protected":false},"excerpt":{"rendered":"<p>Antes de que acabemos el invierno ya estamos empezando a desperezarnos\u2026No cre\u00e1is que hemos estado parados, todo lo contrario!! Hemos estado trabajando para poder ofreceros a lo largo de esta nueva temporada muchas novedades! Vais a poder disfrutar de nuevas rutas, servicios, sorteos y canal de comunicaci\u00f3n \ud83d\ude42 En los pr\u00f3ximos d\u00edas iremos anunciando todas [&hellip;]<\/p>\n","protected":false},"author":2,"featured_media":0,"comment_status":"open","ping_status":"open","sticky":false,"template":"","format":"standard","meta":{"_coblocks_attr":"","_coblocks_dimensions":"","_coblocks_responsive_height":"","_coblocks_accordion_ie_support":"","_uag_custom_page_level_css":"","jetpack_post_was_ever_published":false,"_jetpack_newsletter_access":"","_jetpack_newsletter_tier_id":0,"footnotes":"","jetpack_publicize_message":"","jetpack_is_tweetstorm":false,"jetpack_publicize_feature_enabled":true,"jetpack_social_post_already_shared":true,"jetpack_social_options":{"image_generator_settings":{"template":"highway","enabled":false}}},"categories":[1],"tags":[],"translation":{"provider":"WPGlobus","version":"3.0.0","language":"gb","enabled_languages":["es","gb"],"languages":{"es":{"title":true,"content":true,"excerpt":false},"gb":{"title":false,"content":false,"excerpt":false}}},"jetpack_publicize_connections":[],"featured_image_urls":{"full":"","thumbnail":"","medium":"","medium_large":"","large":"","1536x1536":"","2048x2048":"","post-thumbnail":"","twentytwenty-fullscreen":"","pedalea-landscape":""},"post_excerpt_stackable":"<p>Antes de que acabemos el invierno ya estamos empezando a desperezarnos\u2026No cre\u00e1is que hemos estado parados, todo lo contrario!! Hemos estado trabajando para poder ofreceros a lo largo de esta nueva temporada muchas novedades! Vais a poder disfrutar de nuevas rutas, servicios, sorteos y canal de comunicaci\u00f3n \ud83d\ude42 En los pr\u00f3ximos d\u00edas iremos anunciando todas las novedades. Estad atentos!!<\/p>\n","category_list":"<a href=\"https:\/\/pedaleandalucia.com\/gb\/category\/uncategorized\/\" rel=\"category tag\">Uncategorized<\/a>","author_info":{"name":"asanchba","url":"https:\/\/pedaleandalucia.com\/gb\/author\/asanchba\/"},"comments_num":"0 comments","featured_image_urls_v2":{"full":"","thumbnail":"","medium":"","medium_large":"","large":"","1536x1536":"","2048x2048":"","post-thumbnail":"","twentytwenty-fullscreen":"","pedalea-landscape":""},"post_excerpt_stackable_v2":"<p>Antes de que acabemos el invierno ya estamos empezando a desperezarnos\u2026No cre\u00e1is que hemos estado parados, todo lo contrario!! Hemos estado trabajando para poder ofreceros a lo largo de esta nueva temporada muchas novedades! Vais a poder disfrutar de nuevas rutas, servicios, sorteos y canal de comunicaci\u00f3n \ud83d\ude42 En los pr\u00f3ximos d\u00edas iremos anunciando todas las novedades. Estad atentos!!<\/p>\n","category_list_v2":"<a href=\"https:\/\/pedaleandalucia.com\/gb\/category\/uncategorized\/\" rel=\"category tag\">Uncategorized<\/a>","author_info_v2":{"name":"asanchba","url":"https:\/\/pedaleandalucia.com\/gb\/author\/asanchba\/"},"comments_num_v2":"0 comments","jetpack_featured_media_url":"","uagb_featured_image_src":{"full":false,"thumbnail":false,"medium":false,"medium_large":false,"large":false,"1536x1536":false,"2048x2048":false,"post-thumbnail":false,"twentytwenty-fullscreen":false,"pedalea-landscape":false},"uagb_author_info":{"display_name":"asanchba","author_link":"https:\/\/pedaleandalucia.com\/gb\/author\/asanchba\/"},"uagb_comment_info":0,"uagb_excerpt":"Antes de que acabemos el invierno ya estamos empezando a desperezarnos\u2026No cre\u00e1is que hemos estado parados, todo lo contrario!! Hemos estado trabajando para poder ofreceros a lo largo de esta nueva temporada muchas novedades! Vais a poder disfrutar de nuevas rutas, servicios, sorteos y canal de comunicaci\u00f3n \ud83d\ude42 En los pr\u00f3ximos d\u00edas iremos anunciando todas&hellip;","jetpack_sharing_enabled":true,"jetpack_shortlink":"https:\/\/wp.me\/p2Lg6v-pa","jetpack-related-posts":[{"id":1070,"url":"https:\/\/pedaleandalucia.com\/gb\/pedalea-andalucia-con-mmr\/","url_meta":{"origin":1560,"position":0},"title":"Pedalea Andaluc\u00eda con MMR","author":"asanchba","date":"December 15, 2014","format":false,"excerpt":"Poco a poco vamos concretando la oferta que puedes encontrar en nuestra tienda, en esta primera ocasi\u00f3n, os informamos que hemos empezado a trabajar con MMR, MMR Bikes es una marca espa\u00f1ola de bicicletas de alta calidad, fabricante de bicis de carretera, monta\u00f1a, ciclocross, ni\u00f1o y pista. \u00a0 En las\u2026","rel":"","context":"In &quot;tienda&quot;","block_context":{"text":"tienda","link":"https:\/\/pedaleandalucia.com\/gb\/category\/tienda\/"},"img":{"alt_text":"","src":"","width":0,"height":0},"classes":[]},{"id":1820,"url":"https:\/\/pedaleandalucia.com\/gb\/transcazorla-mtb-sendero-de-la-central\/","url_meta":{"origin":1560,"position":1},"title":"TransCazorla MTB. Sendero de la Central.","author":"asanchba","date":"December 5, 2017","format":false,"excerpt":"Empezamos con las novedades de cara al 2018. Empezamos poco a poco, ya vendr\u00e1n un poco m\u00e1s adelante las noticias grandes :D. En la Transcazorla, a\u00f1adimos un nuevo tramo de sendero al final de la primera etapa, justo al bajar por el lateral de la Cerrada del Utrero, tomaremos las\u2026","rel":"","context":"In &quot;Cazorla&quot;","block_context":{"text":"Cazorla","link":"https:\/\/pedaleandalucia.com\/gb\/category\/cazorla\/"},"img":{"alt_text":"","src":"https:\/\/i0.wp.com\/pedaleandalucia.com\/wp-content\/uploads\/2017\/11\/IMG_20171106_180736_854-2-1024x768.jpg?resize=350%2C200","width":350,"height":200,"srcset":"https:\/\/i0.wp.com\/pedaleandalucia.com\/wp-content\/uploads\/2017\/11\/IMG_20171106_180736_854-2-1024x768.jpg?resize=350%2C200 1x, https:\/\/i0.wp.com\/pedaleandalucia.com\/wp-content\/uploads\/2017\/11\/IMG_20171106_180736_854-2-1024x768.jpg?resize=525%2C300 1.5x"},"classes":[]},{"id":1354,"url":"https:\/\/pedaleandalucia.com\/gb\/remodelacion-de-la-transcazorla\/","url_meta":{"origin":1560,"position":2},"title":"REMODELACI\u00d3N DE LA TRANSCAZORLA","author":"asanchba","date":"February 12, 2016","format":false,"excerpt":"Llev\u00e1bamos tiempo pensando en la remodelaci\u00f3n del recorrido de la TransCazorla... Quer\u00edamos incluir sitios tan emblem\u00e1ticos como el nacimiento del Guadalquivir o del r\u00edo Segura. Durante estos meses de \"invierno\" hemos barajado diferentes posibilidades y ya estamos en disposici\u00f3n de poder ofreceros para esta nueva temporada que est\u00e1 a punto\u2026","rel":"","context":"Similar post","block_context":{"text":"Similar post","link":""},"img":{"alt_text":"","src":"https:\/\/i0.wp.com\/pedaleandalucia.com\/wp-content\/uploads\/2016\/01\/IMG_20160202_124249.jpg?fit=1200%2C900&ssl=1&resize=350%2C200","width":350,"height":200,"srcset":"https:\/\/i0.wp.com\/pedaleandalucia.com\/wp-content\/uploads\/2016\/01\/IMG_20160202_124249.jpg?fit=1200%2C900&ssl=1&resize=350%2C200 1x, https:\/\/i0.wp.com\/pedaleandalucia.com\/wp-content\/uploads\/2016\/01\/IMG_20160202_124249.jpg?fit=1200%2C900&ssl=1&resize=525%2C300 1.5x, https:\/\/i0.wp.com\/pedaleandalucia.com\/wp-content\/uploads\/2016\/01\/IMG_20160202_124249.jpg?fit=1200%2C900&ssl=1&resize=700%2C400 2x, https:\/\/i0.wp.com\/pedaleandalucia.com\/wp-content\/uploads\/2016\/01\/IMG_20160202_124249.jpg?fit=1200%2C900&ssl=1&resize=1050%2C600 3x"},"classes":[]},{"id":1606,"url":"https:\/\/pedaleandalucia.com\/gb\/andalucia365cycling\/","url_meta":{"origin":1560,"position":3},"title":"#Andalucia365cycling","author":"asanchba","date":"July 13, 2017","format":false,"excerpt":"Quiz\u00e1s hay\u00e1is podido ver ya en alguna de nuestras publicaciones en RRSS el nuevo hashtag #Andalucia365cycling. Desde este momento queremos lanzarlo y utilizarlo como concepto para mostrar que Andaluc\u00eda tiene las caracter\u00edsticas id\u00f3neas para la pr\u00e1ctica del ciclismo los 365 d\u00edas del a\u00f1o. Dentro de las traves\u00edas que ofrecemos, dependiendo\u2026","rel":"","context":"In &quot;Cabo de Gata&quot;","block_context":{"text":"Cabo de Gata","link":"https:\/\/pedaleandalucia.com\/gb\/category\/cabo-de-gata-2\/"},"img":{"alt_text":"","src":"https:\/\/i0.wp.com\/pedaleandalucia.com\/wp-content\/uploads\/2017\/07\/Andalucia365cycling.jpg?fit=450%2C289&ssl=1&resize=350%2C200","width":350,"height":200},"classes":[]},{"id":977,"url":"https:\/\/pedaleandalucia.com\/gb\/trabajando-por-vacaciones\/","url_meta":{"origin":1560,"position":4},"title":"Trabajando por Vacaciones","author":"asanchba","date":"August 14, 2014","format":false,"excerpt":"Durante el mes de julio y agosto, la actividad de Pedalea Andaluc\u00eda no ha disminuido, m\u00e1s bien todo lo contrario. Estamos trabajando para diversificar el proyecto, ya os iremos informando de las diferentes ramas que queremos ir consolidando. De momento, lo que os podemos adelantar, es nuestro nuevo logo. Esperamos\u2026","rel":"","context":"Similar post","block_context":{"text":"Similar post","link":""},"img":{"alt_text":"","src":"https:\/\/i0.wp.com\/pedaleandalucia.com\/wp-content\/uploads\/2014\/08\/Logo-4.jpg?fit=1161%2C1161&ssl=1&resize=350%2C200","width":350,"height":200,"srcset":"https:\/\/i0.wp.com\/pedaleandalucia.com\/wp-content\/uploads\/2014\/08\/Logo-4.jpg?fit=1161%2C1161&ssl=1&resize=350%2C200 1x, https:\/\/i0.wp.com\/pedaleandalucia.com\/wp-content\/uploads\/2014\/08\/Logo-4.jpg?fit=1161%2C1161&ssl=1&resize=525%2C300 1.5x, https:\/\/i0.wp.com\/pedaleandalucia.com\/wp-content\/uploads\/2014\/08\/Logo-4.jpg?fit=1161%2C1161&ssl=1&resize=700%2C400 2x, https:\/\/i0.wp.com\/pedaleandalucia.com\/wp-content\/uploads\/2014\/08\/Logo-4.jpg?fit=1161%2C1161&ssl=1&resize=1050%2C600 3x"},"classes":[]},{"id":1352,"url":"https:\/\/pedaleandalucia.com\/gb\/noticias-frescas-breaking-news\/","url_meta":{"origin":1560,"position":5},"title":"NOTICIAS FRESCAS, Breaking News!!!","author":"asanchba","date":"January 26, 2016","format":false,"excerpt":"En estos meses de \"invierno\" que m\u00e1s parecen primavera, no nos quedamos quietos, los estamos aprovechando para que en esta nueva temporada pod\u00e1is disfrutar de las mejoras en los recorridos de las traves\u00edas que ya tenemos en marcha y para lanzaros un nuevo reto, los que tienen flaca, tambi\u00e9n van\u2026","rel":"","context":"In &quot;Cabo de Gata&quot;","block_context":{"text":"Cabo de Gata","link":"https:\/\/pedaleandalucia.com\/gb\/category\/cabo-de-gata-2\/"},"img":{"alt_text":"","src":"https:\/\/i0.wp.com\/pedaleandalucia.com\/wp-content\/uploads\/2016\/01\/Pedalea-paperboy.jpg?fit=1200%2C599&ssl=1&resize=350%2C200","width":350,"height":200,"srcset":"https:\/\/i0.wp.com\/pedaleandalucia.com\/wp-content\/uploads\/2016\/01\/Pedalea-paperboy.jpg?fit=1200%2C599&ssl=1&resize=350%2C200 1x, https:\/\/i0.wp.com\/pedaleandalucia.com\/wp-content\/uploads\/2016\/01\/Pedalea-paperboy.jpg?fit=1200%2C599&ssl=1&resize=525%2C300 1.5x, https:\/\/i0.wp.com\/pedaleandalucia.com\/wp-content\/uploads\/2016\/01\/Pedalea-paperboy.jpg?fit=1200%2C599&ssl=1&resize=700%2C400 2x, https:\/\/i0.wp.com\/pedaleandalucia.com\/wp-content\/uploads\/2016\/01\/Pedalea-paperboy.jpg?fit=1200%2C599&ssl=1&resize=1050%2C600 3x"},"classes":[]}],"_links":{"self":[{"href":"https:\/\/pedaleandalucia.com\/gb\/wp-json\/wp\/v2\/posts\/1560"}],"collection":[{"href":"https:\/\/pedaleandalucia.com\/gb\/wp-json\/wp\/v2\/posts"}],"about":[{"href":"https:\/\/pedaleandalucia.com\/gb\/wp-json\/wp\/v2\/types\/post"}],"author":[{"embeddable":true,"href":"https:\/\/pedaleandalucia.com\/gb\/wp-json\/wp\/v2\/users\/2"}],"replies":[{"embeddable":true,"href":"https:\/\/pedaleandalucia.com\/gb\/wp-json\/wp\/v2\/comments?post=1560"}],"version-history":[{"count":3,"href":"https:\/\/pedaleandalucia.com\/gb\/wp-json\/wp\/v2\/posts\/1560\/revisions"}],"predecessor-version":[{"id":1566,"href":"https:\/\/pedaleandalucia.com\/gb\/wp-json\/wp\/v2\/posts\/1560\/revisions\/1566"}],"wp:attachment":[{"href":"https:\/\/pedaleandalucia.com\/gb\/wp-json\/wp\/v2\/media?parent=1560"}],"wp:term":[{"taxonomy":"category","embeddable":true,"href":"https:\/\/pedaleandalucia.com\/gb\/wp-json\/wp\/v2\/categories?post=1560"},{"taxonomy":"post_tag","embeddable":true,"href":"https:\/\/pedaleandalucia.com\/gb\/wp-json\/wp\/v2\/tags?post=1560"}],"curies":[{"name":"wp","href":"https:\/\/api.w.org\/{rel}","templated":true}]}}