{"id":1225,"date":"2015-02-26T11:54:56","date_gmt":"2015-02-26T11:54:56","guid":{"rendered":"http:\/\/pedaleandalucia.com\/?p=1225"},"modified":"2015-02-18T11:25:51","modified_gmt":"2015-02-18T11:25:51","slug":"travesias-btt-promocion-semana-santa-10","status":"publish","type":"post","link":"https:\/\/pedaleandalucia.com\/gb\/travesias-btt-promocion-semana-santa-10\/","title":{"rendered":"TRAVES\u00cdAS BTT PROMOCI\u00d3N SEMANA SANTA -10%"},"content":{"rendered":"<p>Empezamos la temporada 2015 con una muy buena noticia, si contratas cualquiera de nuestras rutas durante el mes de marzo obtendr\u00e1s un 10% de descuento en el precio final de la traves\u00eda.<\/p>\n<p>No dejes escapar esta gran oportunidad, podr\u00e1s conocer parajes incomparables a un precio superasequible,<\/p>\n<ul>\n<li>Dispon\u00e9is de toda la informaci\u00f3n sobre nuestras traves\u00edas en:\u00a0<a href=\"http:\/\/pedaleandalucia.com\/travesias\/\" target=\"_blank\">http:\/\/pedaleandalucia.com\/travesias\/<\/a><\/li>\n<\/ul>\n","protected":false},"excerpt":{"rendered":"<p>Empezamos la temporada 2015 con una muy buena noticia, si contratas cualquiera de nuestras rutas durante el mes de marzo obtendr\u00e1s un 10% de descuento en el precio final de la traves\u00eda. No dejes escapar esta gran oportunidad, podr\u00e1s conocer parajes incomparables a un precio superasequible, Dispon\u00e9is de toda la informaci\u00f3n sobre nuestras traves\u00edas en:\u00a0http:\/\/pedaleandalucia.com\/travesias\/<\/p>\n","protected":false},"author":2,"featured_media":1226,"comment_status":"open","ping_status":"open","sticky":false,"template":"","format":"standard","meta":{"_coblocks_attr":"","_coblocks_dimensions":"","_coblocks_responsive_height":"","_coblocks_accordion_ie_support":"","_uag_custom_page_level_css":"","jetpack_post_was_ever_published":false,"_jetpack_newsletter_access":"","_jetpack_newsletter_tier_id":0,"footnotes":"","jetpack_publicize_message":"","jetpack_is_tweetstorm":false,"jetpack_publicize_feature_enabled":true,"jetpack_social_post_already_shared":true,"jetpack_social_options":{"image_generator_settings":{"template":"highway","enabled":false}}},"categories":[51,39,42,43,33,44,31,32],"tags":[23,28,38,53,22,30,37,26],"translation":{"provider":"WPGlobus","version":"3.0.0","language":"gb","enabled_languages":["es","gb"],"languages":{"es":{"title":true,"content":true,"excerpt":false},"gb":{"title":false,"content":false,"excerpt":false}}},"jetpack_publicize_connections":[],"featured_image_urls":{"full":["https:\/\/i0.wp.com\/pedaleandalucia.com\/wp-content\/uploads\/2015\/02\/descuento.jpg?fit=1024%2C768&ssl=1",1024,768,false],"thumbnail":["https:\/\/i0.wp.com\/pedaleandalucia.com\/wp-content\/uploads\/2015\/02\/descuento.jpg?resize=150%2C150&ssl=1",150,150,true],"medium":["https:\/\/i0.wp.com\/pedaleandalucia.com\/wp-content\/uploads\/2015\/02\/descuento.jpg?fit=300%2C225&ssl=1",300,225,true],"medium_large":["https:\/\/i0.wp.com\/pedaleandalucia.com\/wp-content\/uploads\/2015\/02\/descuento.jpg?fit=580%2C435&ssl=1",580,435,true],"large":["https:\/\/i0.wp.com\/pedaleandalucia.com\/wp-content\/uploads\/2015\/02\/descuento.jpg?fit=580%2C435&ssl=1",580,435,true],"1536x1536":["https:\/\/i0.wp.com\/pedaleandalucia.com\/wp-content\/uploads\/2015\/02\/descuento.jpg?fit=1024%2C768&ssl=1",1024,768,true],"2048x2048":["https:\/\/i0.wp.com\/pedaleandalucia.com\/wp-content\/uploads\/2015\/02\/descuento.jpg?fit=1024%2C768&ssl=1",1024,768,true],"post-thumbnail":["https:\/\/i0.wp.com\/pedaleandalucia.com\/wp-content\/uploads\/2015\/02\/descuento.jpg?fit=130%2C130&ssl=1",130,130,true],"twentytwenty-fullscreen":["https:\/\/i0.wp.com\/pedaleandalucia.com\/wp-content\/uploads\/2015\/02\/descuento.jpg?fit=1024%2C768&ssl=1",1024,768,true],"pedalea-landscape":["https:\/\/i0.wp.com\/pedaleandalucia.com\/wp-content\/uploads\/2015\/02\/descuento.jpg?resize=500%2C250&ssl=1",500,250,true]},"post_excerpt_stackable":"<p>Empezamos la temporada 2015 con una muy buena noticia, si contratas cualquiera de nuestras rutas durante el mes de marzo obtendr\u00e1s un 10% de descuento en el precio final de la traves\u00eda. No dejes escapar esta gran oportunidad, podr\u00e1s conocer parajes incomparables a un precio superasequible, Dispon\u00e9is de toda la informaci\u00f3n sobre nuestras traves\u00edas en:\u00a0http:\/\/pedaleandalucia.com\/travesias\/<\/p>\n","category_list":"<a href=\"https:\/\/pedaleandalucia.com\/gb\/category\/cabo-de-gata-2\/\" rel=\"category tag\">Cabo de Gata<\/a>, <a href=\"https:\/\/pedaleandalucia.com\/gb\/category\/cazorla\/\" rel=\"category tag\">Cazorla<\/a>, <a href=\"https:\/\/pedaleandalucia.com\/gb\/category\/cicloviajes\/\" rel=\"category tag\">cicloviajes<\/a>, <a href=\"https:\/\/pedaleandalucia.com\/gb\/category\/noticias-tienda\/\" rel=\"category tag\">noticias tienda<\/a>, <a href=\"https:\/\/pedaleandalucia.com\/gb\/category\/rutas-btt\/\" rel=\"category tag\">rutas btt<\/a>, <a href=\"https:\/\/pedaleandalucia.com\/gb\/category\/tienda\/\" rel=\"category tag\">tienda<\/a>, <a href=\"https:\/\/pedaleandalucia.com\/gb\/category\/travesia-btt\/\" rel=\"category tag\">traves\u00eda btt<\/a>, <a href=\"https:\/\/pedaleandalucia.com\/gb\/category\/travesias-btt\/\" rel=\"category tag\">traves\u00edas btt<\/a>","author_info":{"name":"asanchba","url":"https:\/\/pedaleandalucia.com\/gb\/author\/asanchba\/"},"comments_num":"0 comments","featured_image_urls_v2":{"full":["https:\/\/i0.wp.com\/pedaleandalucia.com\/wp-content\/uploads\/2015\/02\/descuento.jpg?fit=1024%2C768&ssl=1",1024,768,false],"thumbnail":["https:\/\/i0.wp.com\/pedaleandalucia.com\/wp-content\/uploads\/2015\/02\/descuento.jpg?resize=150%2C150&ssl=1",150,150,true],"medium":["https:\/\/i0.wp.com\/pedaleandalucia.com\/wp-content\/uploads\/2015\/02\/descuento.jpg?fit=300%2C225&ssl=1",300,225,true],"medium_large":["https:\/\/i0.wp.com\/pedaleandalucia.com\/wp-content\/uploads\/2015\/02\/descuento.jpg?fit=580%2C435&ssl=1",580,435,true],"large":["https:\/\/i0.wp.com\/pedaleandalucia.com\/wp-content\/uploads\/2015\/02\/descuento.jpg?fit=580%2C435&ssl=1",580,435,true],"1536x1536":["https:\/\/i0.wp.com\/pedaleandalucia.com\/wp-content\/uploads\/2015\/02\/descuento.jpg?fit=1024%2C768&ssl=1",1024,768,true],"2048x2048":["https:\/\/i0.wp.com\/pedaleandalucia.com\/wp-content\/uploads\/2015\/02\/descuento.jpg?fit=1024%2C768&ssl=1",1024,768,true],"post-thumbnail":["https:\/\/i0.wp.com\/pedaleandalucia.com\/wp-content\/uploads\/2015\/02\/descuento.jpg?fit=130%2C130&ssl=1",130,130,true],"twentytwenty-fullscreen":["https:\/\/i0.wp.com\/pedaleandalucia.com\/wp-content\/uploads\/2015\/02\/descuento.jpg?fit=1024%2C768&ssl=1",1024,768,true],"pedalea-landscape":["https:\/\/i0.wp.com\/pedaleandalucia.com\/wp-content\/uploads\/2015\/02\/descuento.jpg?resize=500%2C250&ssl=1",500,250,true]},"post_excerpt_stackable_v2":"<p>Empezamos la temporada 2015 con una muy buena noticia, si contratas cualquiera de nuestras rutas durante el mes de marzo obtendr\u00e1s un 10% de descuento en el precio final de la traves\u00eda. No dejes escapar esta gran oportunidad, podr\u00e1s conocer parajes incomparables a un precio superasequible, Dispon\u00e9is de toda la informaci\u00f3n sobre nuestras traves\u00edas en:\u00a0http:\/\/pedaleandalucia.com\/travesias\/<\/p>\n","category_list_v2":"<a href=\"https:\/\/pedaleandalucia.com\/gb\/category\/cabo-de-gata-2\/\" rel=\"category tag\">Cabo de Gata<\/a>, <a href=\"https:\/\/pedaleandalucia.com\/gb\/category\/cazorla\/\" rel=\"category tag\">Cazorla<\/a>, <a href=\"https:\/\/pedaleandalucia.com\/gb\/category\/cicloviajes\/\" rel=\"category tag\">cicloviajes<\/a>, <a href=\"https:\/\/pedaleandalucia.com\/gb\/category\/noticias-tienda\/\" rel=\"category tag\">noticias tienda<\/a>, <a href=\"https:\/\/pedaleandalucia.com\/gb\/category\/rutas-btt\/\" rel=\"category tag\">rutas btt<\/a>, <a href=\"https:\/\/pedaleandalucia.com\/gb\/category\/tienda\/\" rel=\"category tag\">tienda<\/a>, <a href=\"https:\/\/pedaleandalucia.com\/gb\/category\/travesia-btt\/\" rel=\"category tag\">traves\u00eda btt<\/a>, <a href=\"https:\/\/pedaleandalucia.com\/gb\/category\/travesias-btt\/\" rel=\"category tag\">traves\u00edas btt<\/a>","author_info_v2":{"name":"asanchba","url":"https:\/\/pedaleandalucia.com\/gb\/author\/asanchba\/"},"comments_num_v2":"0 comments","jetpack_featured_media_url":"https:\/\/i0.wp.com\/pedaleandalucia.com\/wp-content\/uploads\/2015\/02\/descuento.jpg?fit=1024%2C768&ssl=1","uagb_featured_image_src":{"full":["https:\/\/i0.wp.com\/pedaleandalucia.com\/wp-content\/uploads\/2015\/02\/descuento.jpg?fit=1024%2C768&ssl=1",1024,768,false],"thumbnail":["https:\/\/i0.wp.com\/pedaleandalucia.com\/wp-content\/uploads\/2015\/02\/descuento.jpg?resize=150%2C150&ssl=1",150,150,true],"medium":["https:\/\/i0.wp.com\/pedaleandalucia.com\/wp-content\/uploads\/2015\/02\/descuento.jpg?fit=300%2C225&ssl=1",300,225,true],"medium_large":["https:\/\/i0.wp.com\/pedaleandalucia.com\/wp-content\/uploads\/2015\/02\/descuento.jpg?fit=580%2C435&ssl=1",580,435,true],"large":["https:\/\/i0.wp.com\/pedaleandalucia.com\/wp-content\/uploads\/2015\/02\/descuento.jpg?fit=580%2C435&ssl=1",580,435,true],"1536x1536":["https:\/\/i0.wp.com\/pedaleandalucia.com\/wp-content\/uploads\/2015\/02\/descuento.jpg?fit=1024%2C768&ssl=1",1024,768,true],"2048x2048":["https:\/\/i0.wp.com\/pedaleandalucia.com\/wp-content\/uploads\/2015\/02\/descuento.jpg?fit=1024%2C768&ssl=1",1024,768,true],"post-thumbnail":["https:\/\/i0.wp.com\/pedaleandalucia.com\/wp-content\/uploads\/2015\/02\/descuento.jpg?fit=130%2C130&ssl=1",130,130,true],"twentytwenty-fullscreen":["https:\/\/i0.wp.com\/pedaleandalucia.com\/wp-content\/uploads\/2015\/02\/descuento.jpg?fit=1024%2C768&ssl=1",1024,768,true],"pedalea-landscape":["https:\/\/i0.wp.com\/pedaleandalucia.com\/wp-content\/uploads\/2015\/02\/descuento.jpg?resize=500%2C250&ssl=1",500,250,true]},"uagb_author_info":{"display_name":"asanchba","author_link":"https:\/\/pedaleandalucia.com\/gb\/author\/asanchba\/"},"uagb_comment_info":0,"uagb_excerpt":"Empezamos la temporada 2015 con una muy buena noticia, si contratas cualquiera de nuestras rutas durante el mes de marzo obtendr\u00e1s un 10% de descuento en el precio final de la traves\u00eda. No dejes escapar esta gran oportunidad, podr\u00e1s conocer parajes incomparables a un precio superasequible, Dispon\u00e9is de toda la informaci\u00f3n sobre nuestras traves\u00edas en:\u00a0http:\/\/pedaleandalucia.com\/travesias\/","jetpack_sharing_enabled":true,"jetpack_shortlink":"https:\/\/wp.me\/p2Lg6v-jL","jetpack-related-posts":[{"id":1352,"url":"https:\/\/pedaleandalucia.com\/gb\/noticias-frescas-breaking-news\/","url_meta":{"origin":1225,"position":0},"title":"NOTICIAS FRESCAS, Breaking News!!!","author":"asanchba","date":"January 26, 2016","format":false,"excerpt":"En estos meses de \"invierno\" que m\u00e1s parecen primavera, no nos quedamos quietos, los estamos aprovechando para que en esta nueva temporada pod\u00e1is disfrutar de las mejoras en los recorridos de las traves\u00edas que ya tenemos en marcha y para lanzaros un nuevo reto, los que tienen flaca, tambi\u00e9n van\u2026","rel":"","context":"In &quot;Cabo de Gata&quot;","block_context":{"text":"Cabo de Gata","link":"https:\/\/pedaleandalucia.com\/gb\/category\/cabo-de-gata-2\/"},"img":{"alt_text":"","src":"https:\/\/i0.wp.com\/pedaleandalucia.com\/wp-content\/uploads\/2016\/01\/Pedalea-paperboy.jpg?fit=1200%2C599&ssl=1&resize=350%2C200","width":350,"height":200,"srcset":"https:\/\/i0.wp.com\/pedaleandalucia.com\/wp-content\/uploads\/2016\/01\/Pedalea-paperboy.jpg?fit=1200%2C599&ssl=1&resize=350%2C200 1x, https:\/\/i0.wp.com\/pedaleandalucia.com\/wp-content\/uploads\/2016\/01\/Pedalea-paperboy.jpg?fit=1200%2C599&ssl=1&resize=525%2C300 1.5x, https:\/\/i0.wp.com\/pedaleandalucia.com\/wp-content\/uploads\/2016\/01\/Pedalea-paperboy.jpg?fit=1200%2C599&ssl=1&resize=700%2C400 2x, https:\/\/i0.wp.com\/pedaleandalucia.com\/wp-content\/uploads\/2016\/01\/Pedalea-paperboy.jpg?fit=1200%2C599&ssl=1&resize=1050%2C600 3x"},"classes":[]},{"id":1083,"url":"https:\/\/pedaleandalucia.com\/gb\/travesia-del-cabo-de-gata-en-fatbike\/","url_meta":{"origin":1225,"position":1},"title":"\u00bfTraves\u00eda del Cabo de Gata en FATBike?","author":"asanchba","date":"January 13, 2015","format":false,"excerpt":"Podr\u00eda ser una combinaci\u00f3n explosiva, las playas y senderos aleda\u00f1os a las calas del Cabo de Gata y la Fat Bike de tus sue\u00f1os...\u00bfPor qu\u00e9 no hacerlo realidad? Durante estos meses de invierno, la traves\u00eda del Cabo de Gata es ideal, para todos aquellos que quieran disfrutar de unos d\u00edas\u2026","rel":"","context":"In &quot;Cabo de Gata&quot;","block_context":{"text":"Cabo de Gata","link":"https:\/\/pedaleandalucia.com\/gb\/category\/cabo-de-gata-2\/"},"img":{"alt_text":"","src":"","width":0,"height":0},"classes":[]},{"id":1754,"url":"https:\/\/pedaleandalucia.com\/gb\/travesia-btt-cabo-de-gata-isleta-del-moro\/","url_meta":{"origin":1225,"position":2},"title":"Traves\u00eda BTT Cabo de Gata. Isleta del Moro","author":"asanchba","date":"October 13, 2017","format":false,"excerpt":"Uno de los altos obligados en la Traves\u00eda BTT del Cabo de Gata os lo encontrar\u00e9is en el peque\u00f1o pueblo pesquero la Isleta del Moro, si vais con tiempo incluso podr\u00e9is hacer alguna inmersi\u00f3n para ver la parte mar\u00edtima de este parque natural. Si os qued\u00e1is en tierra, siempre podr\u00e9is\u2026","rel":"","context":"In &quot;Cabo de Gata&quot;","block_context":{"text":"Cabo de Gata","link":"https:\/\/pedaleandalucia.com\/gb\/category\/cabo-de-gata-2\/"},"img":{"alt_text":"","src":"https:\/\/i0.wp.com\/pedaleandalucia.com\/wp-content\/uploads\/2017\/10\/IMG-20161015-WA0014-2-1024x768.jpg?resize=350%2C200","width":350,"height":200,"srcset":"https:\/\/i0.wp.com\/pedaleandalucia.com\/wp-content\/uploads\/2017\/10\/IMG-20161015-WA0014-2-1024x768.jpg?resize=350%2C200 1x, https:\/\/i0.wp.com\/pedaleandalucia.com\/wp-content\/uploads\/2017\/10\/IMG-20161015-WA0014-2-1024x768.jpg?resize=525%2C300 1.5x"},"classes":[]},{"id":2980,"url":"https:\/\/pedaleandalucia.com\/gb\/un-ano-de-muchos-kms-recorridos-y-los-que-vendran\/","url_meta":{"origin":1225,"position":3},"title":"Un a\u00f1o de muchos kms recorridos&#8230; Y los que vendr\u00e1n !","author":"asanchba","date":"December 30, 2025","format":false,"excerpt":"2026: NUEVOS RETOS, MISMA PASI\u00d3N","rel":"","context":"In &quot;Agua Amarga&quot;","block_context":{"text":"Agua Amarga","link":"https:\/\/pedaleandalucia.com\/gb\/category\/agua-amarga\/"},"img":{"alt_text":"","src":"https:\/\/i0.wp.com\/pedaleandalucia.com\/wp-content\/uploads\/2025\/12\/ChatGPT-Image-23-dic-2025-13_46_11.png?fit=1200%2C800&ssl=1&resize=350%2C200","width":350,"height":200,"srcset":"https:\/\/i0.wp.com\/pedaleandalucia.com\/wp-content\/uploads\/2025\/12\/ChatGPT-Image-23-dic-2025-13_46_11.png?fit=1200%2C800&ssl=1&resize=350%2C200 1x, https:\/\/i0.wp.com\/pedaleandalucia.com\/wp-content\/uploads\/2025\/12\/ChatGPT-Image-23-dic-2025-13_46_11.png?fit=1200%2C800&ssl=1&resize=525%2C300 1.5x, https:\/\/i0.wp.com\/pedaleandalucia.com\/wp-content\/uploads\/2025\/12\/ChatGPT-Image-23-dic-2025-13_46_11.png?fit=1200%2C800&ssl=1&resize=700%2C400 2x, https:\/\/i0.wp.com\/pedaleandalucia.com\/wp-content\/uploads\/2025\/12\/ChatGPT-Image-23-dic-2025-13_46_11.png?fit=1200%2C800&ssl=1&resize=1050%2C600 3x"},"classes":[]},{"id":1228,"url":"https:\/\/pedaleandalucia.com\/gb\/travesia-del-cabo-de-gata-en-btt\/","url_meta":{"origin":1225,"position":4},"title":"Traves\u00eda del Cabo de Gata en BTT","author":"asanchba","date":"February 23, 2015","format":false,"excerpt":"Una temporada m\u00e1s os ofrecemos un viaje espectacular a lomos de vuestra mejor compa\u00f1era :D La traves\u00eda del Cabo de Gata te llevar\u00e1 a conocer los parajes tan especiales de este parque natural, a parte de sus impresionantes paisajes, playas y calas, en una de las etapas te adentrar\u00e1s en\u2026","rel":"","context":"In &quot;Cabo de Gata&quot;","block_context":{"text":"Cabo de Gata","link":"https:\/\/pedaleandalucia.com\/gb\/category\/cabo-de-gata-2\/"},"img":{"alt_text":"","src":"https:\/\/i0.wp.com\/pedaleandalucia.com\/wp-content\/uploads\/2015\/02\/caldera.jpg?fit=1040%2C496&ssl=1&resize=350%2C200","width":350,"height":200,"srcset":"https:\/\/i0.wp.com\/pedaleandalucia.com\/wp-content\/uploads\/2015\/02\/caldera.jpg?fit=1040%2C496&ssl=1&resize=350%2C200 1x, https:\/\/i0.wp.com\/pedaleandalucia.com\/wp-content\/uploads\/2015\/02\/caldera.jpg?fit=1040%2C496&ssl=1&resize=525%2C300 1.5x, https:\/\/i0.wp.com\/pedaleandalucia.com\/wp-content\/uploads\/2015\/02\/caldera.jpg?fit=1040%2C496&ssl=1&resize=700%2C400 2x"},"classes":[]},{"id":1766,"url":"https:\/\/pedaleandalucia.com\/gb\/travesia-btt-cabo-de-gata-agua-amarga\/","url_meta":{"origin":1225,"position":5},"title":"Traves\u00eda BTT Cabo de Gata. Agua Amarga","author":"asanchba","date":"October 25, 2017","format":false,"excerpt":"Fin de la traves\u00eda, la llegada a Agua Amarga pone un bonito broche de cierre a esta espectacular ruta cicloturista por el Parque Natural Cabo de Gata - N\u00edjar. Si quieres puedes continuarla unos kil\u00f3metros para subir a la Mesa de Rold\u00e1n ( al fondo en la foto) como gran\u2026","rel":"","context":"In &quot;Cabo de Gata&quot;","block_context":{"text":"Cabo de Gata","link":"https:\/\/pedaleandalucia.com\/gb\/category\/cabo-de-gata-2\/"},"img":{"alt_text":"","src":"https:\/\/i0.wp.com\/pedaleandalucia.com\/wp-content\/uploads\/2017\/10\/IMG-20161016-WA0009-2-1024x768.jpg?resize=350%2C200","width":350,"height":200,"srcset":"https:\/\/i0.wp.com\/pedaleandalucia.com\/wp-content\/uploads\/2017\/10\/IMG-20161016-WA0009-2-1024x768.jpg?resize=350%2C200 1x, https:\/\/i0.wp.com\/pedaleandalucia.com\/wp-content\/uploads\/2017\/10\/IMG-20161016-WA0009-2-1024x768.jpg?resize=525%2C300 1.5x"},"classes":[]}],"_links":{"self":[{"href":"https:\/\/pedaleandalucia.com\/gb\/wp-json\/wp\/v2\/posts\/1225"}],"collection":[{"href":"https:\/\/pedaleandalucia.com\/gb\/wp-json\/wp\/v2\/posts"}],"about":[{"href":"https:\/\/pedaleandalucia.com\/gb\/wp-json\/wp\/v2\/types\/post"}],"author":[{"embeddable":true,"href":"https:\/\/pedaleandalucia.com\/gb\/wp-json\/wp\/v2\/users\/2"}],"replies":[{"embeddable":true,"href":"https:\/\/pedaleandalucia.com\/gb\/wp-json\/wp\/v2\/comments?post=1225"}],"version-history":[{"count":3,"href":"https:\/\/pedaleandalucia.com\/gb\/wp-json\/wp\/v2\/posts\/1225\/revisions"}],"predecessor-version":[{"id":1255,"href":"https:\/\/pedaleandalucia.com\/gb\/wp-json\/wp\/v2\/posts\/1225\/revisions\/1255"}],"wp:featuredmedia":[{"embeddable":true,"href":"https:\/\/pedaleandalucia.com\/gb\/wp-json\/wp\/v2\/media\/1226"}],"wp:attachment":[{"href":"https:\/\/pedaleandalucia.com\/gb\/wp-json\/wp\/v2\/media?parent=1225"}],"wp:term":[{"taxonomy":"category","embeddable":true,"href":"https:\/\/pedaleandalucia.com\/gb\/wp-json\/wp\/v2\/categories?post=1225"},{"taxonomy":"post_tag","embeddable":true,"href":"https:\/\/pedaleandalucia.com\/gb\/wp-json\/wp\/v2\/tags?post=1225"}],"curies":[{"name":"wp","href":"https:\/\/api.w.org\/{rel}","templated":true}]}}