{"id":1219,"date":"2015-02-19T09:58:25","date_gmt":"2015-02-19T09:58:25","guid":{"rendered":"http:\/\/pedaleandalucia.com\/?p=1219"},"modified":"2015-02-18T11:01:51","modified_gmt":"2015-02-18T11:01:51","slug":"1er-kilometro-vertical-sierra-de-cazorla-patrocinadores-craft-y-humaventura","status":"publish","type":"post","link":"https:\/\/pedaleandalucia.com\/gb\/1er-kilometro-vertical-sierra-de-cazorla-patrocinadores-craft-y-humaventura\/","title":{"rendered":"1er Kil\u00f3metro Vertical Sierra de Cazorla. Patrocinadores CRAFT y Humaventura"},"content":{"rendered":"<p>Hay veces que las cosas tienen ese punto de casualidad que hacen que pasen hechos inesperados, como cuando conocimos a Encarni, Balti y a sus tres compa\u00f1eros de 4 patas (Ringo, Estivi y Sat\u00edn). Ellos ven\u00edan de participar en un canicross y nosotros de inspeccionar un tramo para el dise\u00f1o del recorrido del pr\u00f3ximo Marat\u00f3n BTT Bosques del Sur, y simplemente charlando sobre como hab\u00eda ido la carrera llegamos al proyecto de la organizaci\u00f3n del 1er Kil\u00f3metro Vertical Sierra de Cazorla. Desde ese primer momento hubo muy buena sinton\u00eda y gracias a ellos, <a href=\"http:\/\/www.humaventura.com\/\" target=\"_blank\">HUMAVENTURA<\/a>\u00a0(tienda especializada en art\u00edculos de espeleolog\u00eda y barranquismo, as\u00ed como en art\u00edculos de monta\u00f1a)\u00a0nos han conseguido el patrocinio de la marca sueca de ropa deportiva <a href=\"http:\/\/www.craft.se\/us.html\" target=\"_blank\">CRAFT<\/a>. CRAFT para los que no la conozc\u00e1is es una de las marcas punteras en ropa deportiva (ciclismo, running, trail),\u00a0por lo que es una muy buena noticia\u00a0contar con\u00a0el apoyo de una marca de este calibre. A parte de brindarnos su apoyo, van a colaborar con la carrera ofreciendo art\u00edculos para su sorteo una vez finalizada!!! Un aliciente m\u00e1s para no perderte esta carrera!! Ten\u00e9is toda la info de estos dos patrocinadores en:<\/p>\n<ul>\n<li><a href=\"http:\/\/www.humaventura.com\/\" target=\"_blank\">http:\/\/www.humaventura.com\/<\/a><\/li>\n<li><a href=\"http:\/\/www.craft.se\/\" target=\"_blank\">http:\/\/www.craft.se\/<\/a><\/li>\n<\/ul>\n","protected":false},"excerpt":{"rendered":"<p>Hay veces que las cosas tienen ese punto de casualidad que hacen que pasen hechos inesperados, como cuando conocimos a Encarni, Balti y a sus tres compa\u00f1eros de 4 patas (Ringo, Estivi y Sat\u00edn). Ellos ven\u00edan de participar en un canicross y nosotros de inspeccionar un tramo para el dise\u00f1o del recorrido del pr\u00f3ximo Marat\u00f3n [&hellip;]<\/p>\n","protected":false},"author":2,"featured_media":0,"comment_status":"open","ping_status":"open","sticky":false,"template":"","format":"standard","meta":{"_coblocks_attr":"","_coblocks_dimensions":"","_coblocks_responsive_height":"","_coblocks_accordion_ie_support":"","_uag_custom_page_level_css":"","jetpack_post_was_ever_published":false,"_jetpack_newsletter_access":"","_jetpack_newsletter_tier_id":0,"footnotes":"","jetpack_publicize_message":"","jetpack_is_tweetstorm":false,"jetpack_publicize_feature_enabled":true,"jetpack_social_post_already_shared":true,"jetpack_social_options":{"image_generator_settings":{"template":"highway","enabled":false}}},"categories":[47,54,43,55],"tags":[56,76,79],"translation":{"provider":"WPGlobus","version":"3.0.0","language":"gb","enabled_languages":["es","gb"],"languages":{"es":{"title":true,"content":true,"excerpt":false},"gb":{"title":false,"content":false,"excerpt":false}}},"jetpack_publicize_connections":[],"featured_image_urls":{"full":"","thumbnail":"","medium":"","medium_large":"","large":"","1536x1536":"","2048x2048":"","post-thumbnail":"","twentytwenty-fullscreen":"","pedalea-landscape":""},"post_excerpt_stackable":"<p>Hay veces que las cosas tienen ese punto de casualidad que hacen que pasen hechos inesperados, como cuando conocimos a Encarni, Balti y a sus tres compa\u00f1eros de 4 patas (Ringo, Estivi y Sat\u00edn). Ellos ven\u00edan de participar en un canicross y nosotros de inspeccionar un tramo para el dise\u00f1o del recorrido del pr\u00f3ximo Marat\u00f3n BTT Bosques del Sur, y simplemente charlando sobre como hab\u00eda ido la carrera llegamos al proyecto de la organizaci\u00f3n del 1er Kil\u00f3metro Vertical Sierra de Cazorla. Desde ese primer momento hubo muy buena sinton\u00eda y gracias a ellos, HUMAVENTURA\u00a0(tienda especializada en art\u00edculos de espeleolog\u00eda y&hellip;<\/p>\n","category_list":"<a href=\"https:\/\/pedaleandalucia.com\/gb\/category\/competicion\/\" rel=\"category tag\">competicion<\/a>, <a href=\"https:\/\/pedaleandalucia.com\/gb\/category\/kilometro-vertical\/\" rel=\"category tag\">kil\u00f3metro vertical<\/a>, <a href=\"https:\/\/pedaleandalucia.com\/gb\/category\/noticias-tienda\/\" rel=\"category tag\">noticias tienda<\/a>, <a href=\"https:\/\/pedaleandalucia.com\/gb\/category\/trail-running\/\" rel=\"category tag\">trail running<\/a>","author_info":{"name":"asanchba","url":"https:\/\/pedaleandalucia.com\/gb\/author\/asanchba\/"},"comments_num":"0 comments","featured_image_urls_v2":{"full":"","thumbnail":"","medium":"","medium_large":"","large":"","1536x1536":"","2048x2048":"","post-thumbnail":"","twentytwenty-fullscreen":"","pedalea-landscape":""},"post_excerpt_stackable_v2":"<p>Hay veces que las cosas tienen ese punto de casualidad que hacen que pasen hechos inesperados, como cuando conocimos a Encarni, Balti y a sus tres compa\u00f1eros de 4 patas (Ringo, Estivi y Sat\u00edn). Ellos ven\u00edan de participar en un canicross y nosotros de inspeccionar un tramo para el dise\u00f1o del recorrido del pr\u00f3ximo Marat\u00f3n BTT Bosques del Sur, y simplemente charlando sobre como hab\u00eda ido la carrera llegamos al proyecto de la organizaci\u00f3n del 1er Kil\u00f3metro Vertical Sierra de Cazorla. Desde ese primer momento hubo muy buena sinton\u00eda y gracias a ellos, HUMAVENTURA\u00a0(tienda especializada en art\u00edculos de espeleolog\u00eda y&hellip;<\/p>\n","category_list_v2":"<a href=\"https:\/\/pedaleandalucia.com\/gb\/category\/competicion\/\" rel=\"category tag\">competicion<\/a>, <a href=\"https:\/\/pedaleandalucia.com\/gb\/category\/kilometro-vertical\/\" rel=\"category tag\">kil\u00f3metro vertical<\/a>, <a href=\"https:\/\/pedaleandalucia.com\/gb\/category\/noticias-tienda\/\" rel=\"category tag\">noticias tienda<\/a>, <a href=\"https:\/\/pedaleandalucia.com\/gb\/category\/trail-running\/\" rel=\"category tag\">trail running<\/a>","author_info_v2":{"name":"asanchba","url":"https:\/\/pedaleandalucia.com\/gb\/author\/asanchba\/"},"comments_num_v2":"0 comments","jetpack_featured_media_url":"","uagb_featured_image_src":{"full":false,"thumbnail":false,"medium":false,"medium_large":false,"large":false,"1536x1536":false,"2048x2048":false,"post-thumbnail":false,"twentytwenty-fullscreen":false,"pedalea-landscape":false},"uagb_author_info":{"display_name":"asanchba","author_link":"https:\/\/pedaleandalucia.com\/gb\/author\/asanchba\/"},"uagb_comment_info":0,"uagb_excerpt":"Hay veces que las cosas tienen ese punto de casualidad que hacen que pasen hechos inesperados, como cuando conocimos a Encarni, Balti y a sus tres compa\u00f1eros de 4 patas (Ringo, Estivi y Sat\u00edn). Ellos ven\u00edan de participar en un canicross y nosotros de inspeccionar un tramo para el dise\u00f1o del recorrido del pr\u00f3ximo Marat\u00f3n&hellip;","jetpack_sharing_enabled":true,"jetpack_shortlink":"https:\/\/wp.me\/p2Lg6v-jF","jetpack-related-posts":[{"id":1103,"url":"https:\/\/pedaleandalucia.com\/gb\/abiertas-las-inscripciones-para-el-km-vertical\/","url_meta":{"origin":1219,"position":0},"title":"\u00a1\u00a1ABIERTAS LAS INSCRIPCIONES PARA EL KM VERTICAL!!","author":"asanchba","date":"January 15, 2015","format":false,"excerpt":"Hola a tod@s, Os informamos de que el plazo de inscripci\u00f3n para el 1er Kil\u00f3metro Vertical Sierra de Cazorla del pr\u00f3ximo 12\/04\/2015, ya est\u00e1 abierto. Os pod\u00e9is inscribir a trav\u00e9s de www.dorsalchip.es o envi\u00e1ndonos un correo con vuestros datos y el comprobante de abono de la inscripci\u00f3n a eventos@pedaleandalucia.com. Dispon\u00e9is\u00a0de\u2026","rel":"","context":"In &quot;Cazorla&quot;","block_context":{"text":"Cazorla","link":"https:\/\/pedaleandalucia.com\/gb\/category\/cazorla\/"},"img":{"alt_text":"","src":"https:\/\/i0.wp.com\/pedaleandalucia.com\/wp-content\/uploads\/2015\/01\/IMG_20141210_143754.jpg?fit=1200%2C900&ssl=1&resize=350%2C200","width":350,"height":200,"srcset":"https:\/\/i0.wp.com\/pedaleandalucia.com\/wp-content\/uploads\/2015\/01\/IMG_20141210_143754.jpg?fit=1200%2C900&ssl=1&resize=350%2C200 1x, https:\/\/i0.wp.com\/pedaleandalucia.com\/wp-content\/uploads\/2015\/01\/IMG_20141210_143754.jpg?fit=1200%2C900&ssl=1&resize=525%2C300 1.5x, https:\/\/i0.wp.com\/pedaleandalucia.com\/wp-content\/uploads\/2015\/01\/IMG_20141210_143754.jpg?fit=1200%2C900&ssl=1&resize=700%2C400 2x, https:\/\/i0.wp.com\/pedaleandalucia.com\/wp-content\/uploads\/2015\/01\/IMG_20141210_143754.jpg?fit=1200%2C900&ssl=1&resize=1050%2C600 3x"},"classes":[]},{"id":1256,"url":"https:\/\/pedaleandalucia.com\/gb\/la-sportiva-con-el-1er-kilometro-vertical-sierra-de-cazorla\/","url_meta":{"origin":1219,"position":1},"title":"La Sportiva con el 1er Kil\u00f3metro Vertical Sierra de Cazorla","author":"asanchba","date":"February 23, 2015","format":false,"excerpt":"Nuestra gu\u00eda es la pasi\u00f3n y nuestra pasi\u00f3n es la monta\u00f1a, con esta frase tan contundente La Sportiva define la filosof\u00eda y calidad de sus productos. Es por este motivo, \u00a0que contar con su colaboraci\u00f3n en la organizaci\u00f3n del 1er km Vertical Sierra de Cazorla, es todo un respaldo para\u2026","rel":"","context":"Similar post","block_context":{"text":"Similar post","link":""},"img":{"alt_text":"","src":"","width":0,"height":0},"classes":[]},{"id":994,"url":"https:\/\/pedaleandalucia.com\/gb\/nos-diversificamos-1er-kilometro-vertical-sierra-de-cazorla\/","url_meta":{"origin":1219,"position":2},"title":"Nos DIVERsificamos, 1er Kil\u00f3metro Vertical Sierra de Cazorla","author":"asanchba","date":"January 9, 2015","format":false,"excerpt":"Como el nombre de este post indica, \u00faltimamente nos estamos DIVERtiendo mucho en Pedalea Andaluc\u00eda dentro de una nueva aventura que hemos emprendido. No paramos, estamos siempre buscando nuevas opciones para disfrutar del deporte en la naturaleza, por este motivo hemos organizado el 1er Kil\u00f3metro Vertical Sierra de Cazorla, 980m\u2026","rel":"","context":"Similar post","block_context":{"text":"Similar post","link":""},"img":{"alt_text":"","src":"https:\/\/i0.wp.com\/pedaleandalucia.com\/wp-content\/uploads\/2015\/01\/castillo5esquinas.jpg?fit=1200%2C502&ssl=1&resize=350%2C200","width":350,"height":200,"srcset":"https:\/\/i0.wp.com\/pedaleandalucia.com\/wp-content\/uploads\/2015\/01\/castillo5esquinas.jpg?fit=1200%2C502&ssl=1&resize=350%2C200 1x, https:\/\/i0.wp.com\/pedaleandalucia.com\/wp-content\/uploads\/2015\/01\/castillo5esquinas.jpg?fit=1200%2C502&ssl=1&resize=525%2C300 1.5x, https:\/\/i0.wp.com\/pedaleandalucia.com\/wp-content\/uploads\/2015\/01\/castillo5esquinas.jpg?fit=1200%2C502&ssl=1&resize=700%2C400 2x, https:\/\/i0.wp.com\/pedaleandalucia.com\/wp-content\/uploads\/2015\/01\/castillo5esquinas.jpg?fit=1200%2C502&ssl=1&resize=1050%2C600 3x"},"classes":[]},{"id":1124,"url":"https:\/\/pedaleandalucia.com\/gb\/atencion-el-kilometro-vertical-se-celebrara-definitivamente-el-12042015\/","url_meta":{"origin":1219,"position":3},"title":"\u00a1ATENCI\u00d3N EL KIL\u00d3METRO VERTICAL SE CELEBRAR\u00c1 DEFINITIVAMENTE EL 12\/04\/2015!","author":"asanchba","date":"January 22, 2015","format":false,"excerpt":"Hola a tod@s, Os informamos que nos hemos visto obligados a modificar la fecha del 1er Kil\u00f3metro Vertical Sierra de Cazorla, se celebrar\u00e1 definitivamente el pr\u00f3ximo 12\/04\/2015. Sentimos las molestias que podamos haber ocasionado...de esta forma ten\u00e9is m\u00e1s tiempo para entrenarlo :D \u00a0 \u00a0 \u00a0","rel":"","context":"Similar post","block_context":{"text":"Similar post","link":""},"img":{"alt_text":"Pedalea Andaluc\u00c3\u00ada. Traves\u00c3\u00ada BTT. Sierra de Cazorla, Segura y las Villas. Rutas BTT. Transcazorla","src":"https:\/\/i0.wp.com\/pedaleandalucia.com\/wp-content\/uploads\/2012\/06\/cerro_cazorla11.jpg?resize=350%2C200","width":350,"height":200,"srcset":"https:\/\/i0.wp.com\/pedaleandalucia.com\/wp-content\/uploads\/2012\/06\/cerro_cazorla11.jpg?resize=350%2C200 1x, https:\/\/i0.wp.com\/pedaleandalucia.com\/wp-content\/uploads\/2012\/06\/cerro_cazorla11.jpg?resize=525%2C300 1.5x, https:\/\/i0.wp.com\/pedaleandalucia.com\/wp-content\/uploads\/2012\/06\/cerro_cazorla11.jpg?resize=700%2C400 2x"},"classes":[]},{"id":1217,"url":"https:\/\/pedaleandalucia.com\/gb\/nueva-seccion-de-eventos-en-la-web\/","url_meta":{"origin":1219,"position":4},"title":"Nueva Secci\u00f3n de Eventos en la Web","author":"asanchba","date":"February 18, 2015","format":false,"excerpt":"Acabamos de reconstruir la secci\u00f3n de eventos deportivos de nuestra web, a ver que os parece!! En cada evento iremos actualizando e informando de los avances de los mismos. Estad atentos!!","rel":"","context":"In \"carrera de monta\u00f1a\"","block_context":{"text":"carrera de monta\u00f1a","link":"https:\/\/pedaleandalucia.com\/gb\/tag\/carrera-de-montana\/"},"img":{"alt_text":"","src":"https:\/\/i0.wp.com\/pedaleandalucia.com\/wp-content\/uploads\/2015\/02\/castillo5esquinas_web4.jpg?fit=1200%2C502&ssl=1&resize=350%2C200","width":350,"height":200,"srcset":"https:\/\/i0.wp.com\/pedaleandalucia.com\/wp-content\/uploads\/2015\/02\/castillo5esquinas_web4.jpg?fit=1200%2C502&ssl=1&resize=350%2C200 1x, https:\/\/i0.wp.com\/pedaleandalucia.com\/wp-content\/uploads\/2015\/02\/castillo5esquinas_web4.jpg?fit=1200%2C502&ssl=1&resize=525%2C300 1.5x, https:\/\/i0.wp.com\/pedaleandalucia.com\/wp-content\/uploads\/2015\/02\/castillo5esquinas_web4.jpg?fit=1200%2C502&ssl=1&resize=700%2C400 2x, https:\/\/i0.wp.com\/pedaleandalucia.com\/wp-content\/uploads\/2015\/02\/castillo5esquinas_web4.jpg?fit=1200%2C502&ssl=1&resize=1050%2C600 3x"},"classes":[]},{"id":3069,"url":"https:\/\/pedaleandalucia.com\/gb\/transcazorla-3-dias-mtb-en-el-corazon-de-la-sierra-de-cazorla\/","url_meta":{"origin":1219,"position":5},"title":"Transcazorla 3 d\u00edas: MTB en el coraz\u00f3n de la Sierra de Cazorla","author":"asanchba","date":"March 5, 2026","format":false,"excerpt":"Desconectar no es apagar el m\u00f3vil. Es pedalear tres d\u00edas rodeado de naturaleza salvaje. La Transcazorla es inmersi\u00f3n total en la Sierra de Cazorla: aire puro, silencio y kil\u00f3metros de aut\u00e9ntico MTB. Bosques interminables, pistas solitarias y paisajes que impresionan en cada subida.","rel":"","context":"In \"Andalucia365cycling\"","block_context":{"text":"Andalucia365cycling","link":"https:\/\/pedaleandalucia.com\/gb\/tag\/andalucia365cycling\/"},"img":{"alt_text":"Valle del Guadalquivir","src":"https:\/\/i0.wp.com\/pedaleandalucia.com\/wp-content\/uploads\/2026\/03\/Valle-del-Guadalquivir.jpg?fit=491%2C655&ssl=1&resize=350%2C200","width":350,"height":200},"classes":[]}],"_links":{"self":[{"href":"https:\/\/pedaleandalucia.com\/gb\/wp-json\/wp\/v2\/posts\/1219"}],"collection":[{"href":"https:\/\/pedaleandalucia.com\/gb\/wp-json\/wp\/v2\/posts"}],"about":[{"href":"https:\/\/pedaleandalucia.com\/gb\/wp-json\/wp\/v2\/types\/post"}],"author":[{"embeddable":true,"href":"https:\/\/pedaleandalucia.com\/gb\/wp-json\/wp\/v2\/users\/2"}],"replies":[{"embeddable":true,"href":"https:\/\/pedaleandalucia.com\/gb\/wp-json\/wp\/v2\/comments?post=1219"}],"version-history":[{"count":8,"href":"https:\/\/pedaleandalucia.com\/gb\/wp-json\/wp\/v2\/posts\/1219\/revisions"}],"predecessor-version":[{"id":1248,"href":"https:\/\/pedaleandalucia.com\/gb\/wp-json\/wp\/v2\/posts\/1219\/revisions\/1248"}],"wp:attachment":[{"href":"https:\/\/pedaleandalucia.com\/gb\/wp-json\/wp\/v2\/media?parent=1219"}],"wp:term":[{"taxonomy":"category","embeddable":true,"href":"https:\/\/pedaleandalucia.com\/gb\/wp-json\/wp\/v2\/categories?post=1219"},{"taxonomy":"post_tag","embeddable":true,"href":"https:\/\/pedaleandalucia.com\/gb\/wp-json\/wp\/v2\/tags?post=1219"}],"curies":[{"name":"wp","href":"https:\/\/api.w.org\/{rel}","templated":true}]}}