{"id":1217,"date":"2015-02-18T09:50:51","date_gmt":"2015-02-18T09:50:51","guid":{"rendered":"http:\/\/pedaleandalucia.com\/?p=1217"},"modified":"2015-02-17T18:39:30","modified_gmt":"2015-02-17T18:39:30","slug":"nueva-seccion-de-eventos-en-la-web","status":"publish","type":"post","link":"https:\/\/pedaleandalucia.com\/gb\/nueva-seccion-de-eventos-en-la-web\/","title":{"rendered":"Nueva Secci\u00f3n de Eventos en la Web"},"content":{"rendered":"<p>Acabamos de reconstruir la secci\u00f3n de eventos deportivos de nuestra web, a ver que os parece!! En cada evento iremos actualizando e informando de los avances de los mismos. Estad atentos!!<\/p>\n","protected":false},"excerpt":{"rendered":"<p>Acabamos de reconstruir la secci\u00f3n de eventos deportivos de nuestra web, a ver que os parece!! En cada evento iremos actualizando e informando de los avances de los mismos. Estad atentos!!<\/p>\n","protected":false},"author":2,"featured_media":1180,"comment_status":"open","ping_status":"open","sticky":false,"template":"","format":"standard","meta":{"_coblocks_attr":"","_coblocks_dimensions":"","_coblocks_responsive_height":"","_coblocks_accordion_ie_support":"","_uag_custom_page_level_css":"","jetpack_post_was_ever_published":false,"_jetpack_newsletter_access":"","_jetpack_newsletter_tier_id":0,"footnotes":"","jetpack_publicize_message":"","jetpack_is_tweetstorm":false,"jetpack_publicize_feature_enabled":true,"jetpack_social_post_already_shared":true,"jetpack_social_options":{"image_generator_settings":{"template":"highway","enabled":false}}},"categories":[1],"tags":[56,78,25,76],"translation":{"provider":"WPGlobus","version":"3.0.0","language":"gb","enabled_languages":["es","gb"],"languages":{"es":{"title":true,"content":true,"excerpt":false},"gb":{"title":false,"content":false,"excerpt":false}}},"jetpack_publicize_connections":[],"featured_image_urls":{"full":["https:\/\/i0.wp.com\/pedaleandalucia.com\/wp-content\/uploads\/2015\/02\/castillo5esquinas_web4.jpg?fit=3000%2C1254&ssl=1",3000,1254,false],"thumbnail":["https:\/\/i0.wp.com\/pedaleandalucia.com\/wp-content\/uploads\/2015\/02\/castillo5esquinas_web4.jpg?resize=150%2C150&ssl=1",150,150,true],"medium":["https:\/\/i0.wp.com\/pedaleandalucia.com\/wp-content\/uploads\/2015\/02\/castillo5esquinas_web4.jpg?fit=300%2C125&ssl=1",300,125,true],"medium_large":["https:\/\/i0.wp.com\/pedaleandalucia.com\/wp-content\/uploads\/2015\/02\/castillo5esquinas_web4.jpg?fit=580%2C242&ssl=1",580,242,true],"large":["https:\/\/i0.wp.com\/pedaleandalucia.com\/wp-content\/uploads\/2015\/02\/castillo5esquinas_web4.jpg?fit=580%2C242&ssl=1",580,242,true],"1536x1536":["https:\/\/i0.wp.com\/pedaleandalucia.com\/wp-content\/uploads\/2015\/02\/castillo5esquinas_web4.jpg?fit=1536%2C642&ssl=1",1536,642,true],"2048x2048":["https:\/\/i0.wp.com\/pedaleandalucia.com\/wp-content\/uploads\/2015\/02\/castillo5esquinas_web4.jpg?fit=2048%2C856&ssl=1",2048,856,true],"post-thumbnail":["https:\/\/i0.wp.com\/pedaleandalucia.com\/wp-content\/uploads\/2015\/02\/castillo5esquinas_web4.jpg?fit=130%2C130&ssl=1",130,130,true],"twentytwenty-fullscreen":["https:\/\/i0.wp.com\/pedaleandalucia.com\/wp-content\/uploads\/2015\/02\/castillo5esquinas_web4.jpg?fit=1980%2C828&ssl=1",1980,828,true],"pedalea-landscape":["https:\/\/i0.wp.com\/pedaleandalucia.com\/wp-content\/uploads\/2015\/02\/castillo5esquinas_web4.jpg?resize=500%2C250&ssl=1",500,250,true]},"post_excerpt_stackable":"<p>Acabamos de reconstruir la secci\u00f3n de eventos deportivos de nuestra web, a ver que os parece!! En cada evento iremos actualizando e informando de los avances de los mismos. Estad atentos!!<\/p>\n","category_list":"<a href=\"https:\/\/pedaleandalucia.com\/gb\/category\/uncategorized\/\" rel=\"category tag\">Uncategorized<\/a>","author_info":{"name":"asanchba","url":"https:\/\/pedaleandalucia.com\/gb\/author\/asanchba\/"},"comments_num":"0 comments","featured_image_urls_v2":{"full":["https:\/\/i0.wp.com\/pedaleandalucia.com\/wp-content\/uploads\/2015\/02\/castillo5esquinas_web4.jpg?fit=3000%2C1254&ssl=1",3000,1254,false],"thumbnail":["https:\/\/i0.wp.com\/pedaleandalucia.com\/wp-content\/uploads\/2015\/02\/castillo5esquinas_web4.jpg?resize=150%2C150&ssl=1",150,150,true],"medium":["https:\/\/i0.wp.com\/pedaleandalucia.com\/wp-content\/uploads\/2015\/02\/castillo5esquinas_web4.jpg?fit=300%2C125&ssl=1",300,125,true],"medium_large":["https:\/\/i0.wp.com\/pedaleandalucia.com\/wp-content\/uploads\/2015\/02\/castillo5esquinas_web4.jpg?fit=580%2C242&ssl=1",580,242,true],"large":["https:\/\/i0.wp.com\/pedaleandalucia.com\/wp-content\/uploads\/2015\/02\/castillo5esquinas_web4.jpg?fit=580%2C242&ssl=1",580,242,true],"1536x1536":["https:\/\/i0.wp.com\/pedaleandalucia.com\/wp-content\/uploads\/2015\/02\/castillo5esquinas_web4.jpg?fit=1536%2C642&ssl=1",1536,642,true],"2048x2048":["https:\/\/i0.wp.com\/pedaleandalucia.com\/wp-content\/uploads\/2015\/02\/castillo5esquinas_web4.jpg?fit=2048%2C856&ssl=1",2048,856,true],"post-thumbnail":["https:\/\/i0.wp.com\/pedaleandalucia.com\/wp-content\/uploads\/2015\/02\/castillo5esquinas_web4.jpg?fit=130%2C130&ssl=1",130,130,true],"twentytwenty-fullscreen":["https:\/\/i0.wp.com\/pedaleandalucia.com\/wp-content\/uploads\/2015\/02\/castillo5esquinas_web4.jpg?fit=1980%2C828&ssl=1",1980,828,true],"pedalea-landscape":["https:\/\/i0.wp.com\/pedaleandalucia.com\/wp-content\/uploads\/2015\/02\/castillo5esquinas_web4.jpg?resize=500%2C250&ssl=1",500,250,true]},"post_excerpt_stackable_v2":"<p>Acabamos de reconstruir la secci\u00f3n de eventos deportivos de nuestra web, a ver que os parece!! En cada evento iremos actualizando e informando de los avances de los mismos. Estad atentos!!<\/p>\n","category_list_v2":"<a href=\"https:\/\/pedaleandalucia.com\/gb\/category\/uncategorized\/\" rel=\"category tag\">Uncategorized<\/a>","author_info_v2":{"name":"asanchba","url":"https:\/\/pedaleandalucia.com\/gb\/author\/asanchba\/"},"comments_num_v2":"0 comments","jetpack_featured_media_url":"https:\/\/i0.wp.com\/pedaleandalucia.com\/wp-content\/uploads\/2015\/02\/castillo5esquinas_web4.jpg?fit=3000%2C1254&ssl=1","uagb_featured_image_src":{"full":["https:\/\/i0.wp.com\/pedaleandalucia.com\/wp-content\/uploads\/2015\/02\/castillo5esquinas_web4.jpg?fit=3000%2C1254&ssl=1",3000,1254,false],"thumbnail":["https:\/\/i0.wp.com\/pedaleandalucia.com\/wp-content\/uploads\/2015\/02\/castillo5esquinas_web4.jpg?resize=150%2C150&ssl=1",150,150,true],"medium":["https:\/\/i0.wp.com\/pedaleandalucia.com\/wp-content\/uploads\/2015\/02\/castillo5esquinas_web4.jpg?fit=300%2C125&ssl=1",300,125,true],"medium_large":["https:\/\/i0.wp.com\/pedaleandalucia.com\/wp-content\/uploads\/2015\/02\/castillo5esquinas_web4.jpg?fit=580%2C242&ssl=1",580,242,true],"large":["https:\/\/i0.wp.com\/pedaleandalucia.com\/wp-content\/uploads\/2015\/02\/castillo5esquinas_web4.jpg?fit=580%2C242&ssl=1",580,242,true],"1536x1536":["https:\/\/i0.wp.com\/pedaleandalucia.com\/wp-content\/uploads\/2015\/02\/castillo5esquinas_web4.jpg?fit=1536%2C642&ssl=1",1536,642,true],"2048x2048":["https:\/\/i0.wp.com\/pedaleandalucia.com\/wp-content\/uploads\/2015\/02\/castillo5esquinas_web4.jpg?fit=2048%2C856&ssl=1",2048,856,true],"post-thumbnail":["https:\/\/i0.wp.com\/pedaleandalucia.com\/wp-content\/uploads\/2015\/02\/castillo5esquinas_web4.jpg?fit=130%2C130&ssl=1",130,130,true],"twentytwenty-fullscreen":["https:\/\/i0.wp.com\/pedaleandalucia.com\/wp-content\/uploads\/2015\/02\/castillo5esquinas_web4.jpg?fit=1980%2C828&ssl=1",1980,828,true],"pedalea-landscape":["https:\/\/i0.wp.com\/pedaleandalucia.com\/wp-content\/uploads\/2015\/02\/castillo5esquinas_web4.jpg?resize=500%2C250&ssl=1",500,250,true]},"uagb_author_info":{"display_name":"asanchba","author_link":"https:\/\/pedaleandalucia.com\/gb\/author\/asanchba\/"},"uagb_comment_info":0,"uagb_excerpt":"Acabamos de reconstruir la secci\u00f3n de eventos deportivos de nuestra web, a ver que os parece!! En cada evento iremos actualizando e informando de los avances de los mismos. Estad atentos!!","jetpack_sharing_enabled":true,"jetpack_shortlink":"https:\/\/wp.me\/p2Lg6v-jD","jetpack-related-posts":[{"id":914,"url":"https:\/\/pedaleandalucia.com\/gb\/refrescate-con-pedalea-andalucia\/","url_meta":{"origin":1217,"position":0},"title":"Refr\u00e9scate con Pedalea Andaluc\u00eda!!","author":"asanchba","date":"July 2, 2014","format":false,"excerpt":"Pasar unos d\u00edas en compa\u00f1\u00eda de amigos o incluso la pareja :) Rodar con tu mtb \u00a0por \u00a0los parajes m\u00e1s espectaculares de Andaluc\u00eda y poder darte un chapuz\u00f3n en el Guadalquivir o en las calas del Cabo de Gata, no tiene precio!!! Bueno, s\u00ed lo tiene :D y los puedes\u2026","rel":"","context":"Similar post","block_context":{"text":"Similar post","link":""},"img":{"alt_text":"","src":"https:\/\/i0.wp.com\/pedaleandalucia.com\/wp-content\/uploads\/2014\/07\/cabo-de-gata.jpg?fit=1200%2C900&ssl=1&resize=350%2C200","width":350,"height":200,"srcset":"https:\/\/i0.wp.com\/pedaleandalucia.com\/wp-content\/uploads\/2014\/07\/cabo-de-gata.jpg?fit=1200%2C900&ssl=1&resize=350%2C200 1x, https:\/\/i0.wp.com\/pedaleandalucia.com\/wp-content\/uploads\/2014\/07\/cabo-de-gata.jpg?fit=1200%2C900&ssl=1&resize=525%2C300 1.5x, https:\/\/i0.wp.com\/pedaleandalucia.com\/wp-content\/uploads\/2014\/07\/cabo-de-gata.jpg?fit=1200%2C900&ssl=1&resize=700%2C400 2x, https:\/\/i0.wp.com\/pedaleandalucia.com\/wp-content\/uploads\/2014\/07\/cabo-de-gata.jpg?fit=1200%2C900&ssl=1&resize=1050%2C600 3x"},"classes":[]},{"id":1025,"url":"https:\/\/pedaleandalucia.com\/gb\/fiesta-de-la-bici-de-madrid\/","url_meta":{"origin":1217,"position":1},"title":"Fiesta de la Bici de Madrid","author":"asanchba","date":"October 3, 2014","format":false,"excerpt":"Este pr\u00f3ximo domingo 5 de octubre, se celebrar\u00e1 la fiesta de la bici de Madrid, un evento que inundar\u00e1 de gente y bicicletas las calles de la capital. Un d\u00eda antes, como tambi\u00e9n sucede con las campanadas de noche vieja, se organiza la pre-fiesta de la bici, en la que\u2026","rel":"","context":"In &quot;ciclomovilidad&quot;","block_context":{"text":"ciclomovilidad","link":"https:\/\/pedaleandalucia.com\/gb\/category\/ciclomovilidad\/"},"img":{"alt_text":"","src":"","width":0,"height":0},"classes":[]},{"id":949,"url":"https:\/\/pedaleandalucia.com\/gb\/ve-a-trabajar-en-bici-los-viernes\/","url_meta":{"origin":1217,"position":2},"title":"Los viernes, a trabajar en BICI!!","author":"asanchba","date":"August 1, 2014","format":false,"excerpt":"Para los que est\u00e1n de operaci\u00f3n retorno, en lugar de operaci\u00f3n salida, les informamos de esta iniciativa que lleva ya tiempo funcionando en la ciudad de Madrid. Se trata, tal y como indican sus organizadores de un evento en el que\u00a0una serie de ciclistas urbanos habituales hacen de\u00a0gu\u00edas\u00a0en su\u00a0ruta al\u2026","rel":"","context":"In &quot;ciclomovilidad&quot;","block_context":{"text":"ciclomovilidad","link":"https:\/\/pedaleandalucia.com\/gb\/category\/ciclomovilidad\/"},"img":{"alt_text":"","src":"","width":0,"height":0},"classes":[]},{"id":1103,"url":"https:\/\/pedaleandalucia.com\/gb\/abiertas-las-inscripciones-para-el-km-vertical\/","url_meta":{"origin":1217,"position":3},"title":"\u00a1\u00a1ABIERTAS LAS INSCRIPCIONES PARA EL KM VERTICAL!!","author":"asanchba","date":"January 15, 2015","format":false,"excerpt":"Hola a tod@s, Os informamos de que el plazo de inscripci\u00f3n para el 1er Kil\u00f3metro Vertical Sierra de Cazorla del pr\u00f3ximo 12\/04\/2015, ya est\u00e1 abierto. Os pod\u00e9is inscribir a trav\u00e9s de www.dorsalchip.es o envi\u00e1ndonos un correo con vuestros datos y el comprobante de abono de la inscripci\u00f3n a eventos@pedaleandalucia.com. Dispon\u00e9is\u00a0de\u2026","rel":"","context":"In &quot;Cazorla&quot;","block_context":{"text":"Cazorla","link":"https:\/\/pedaleandalucia.com\/gb\/category\/cazorla\/"},"img":{"alt_text":"","src":"https:\/\/i0.wp.com\/pedaleandalucia.com\/wp-content\/uploads\/2015\/01\/IMG_20141210_143754.jpg?fit=1200%2C900&ssl=1&resize=350%2C200","width":350,"height":200,"srcset":"https:\/\/i0.wp.com\/pedaleandalucia.com\/wp-content\/uploads\/2015\/01\/IMG_20141210_143754.jpg?fit=1200%2C900&ssl=1&resize=350%2C200 1x, https:\/\/i0.wp.com\/pedaleandalucia.com\/wp-content\/uploads\/2015\/01\/IMG_20141210_143754.jpg?fit=1200%2C900&ssl=1&resize=525%2C300 1.5x, https:\/\/i0.wp.com\/pedaleandalucia.com\/wp-content\/uploads\/2015\/01\/IMG_20141210_143754.jpg?fit=1200%2C900&ssl=1&resize=700%2C400 2x, https:\/\/i0.wp.com\/pedaleandalucia.com\/wp-content\/uploads\/2015\/01\/IMG_20141210_143754.jpg?fit=1200%2C900&ssl=1&resize=1050%2C600 3x"},"classes":[]},{"id":990,"url":"https:\/\/pedaleandalucia.com\/gb\/se-acabaron-las-vacaciones\/","url_meta":{"origin":1217,"position":4},"title":"Se acabaron las vacaciones","author":"asanchba","date":"September 4, 2014","format":false,"excerpt":"Llega septiembre y todos volvemos a la rutina habitual del resto del a\u00f1o....aunque eso puede cambiar. Si te has reservado algunos d\u00edas para lo que queda del a\u00f1o, no hay mejor forma de afrontar la vuelta al cole que planificando las pr\u00f3ximas vacaciones :) Te invitamos a que te pasees\u2026","rel":"","context":"Similar post","block_context":{"text":"Similar post","link":""},"img":{"alt_text":"","src":"","width":0,"height":0},"classes":[]},{"id":2618,"url":"https:\/\/pedaleandalucia.com\/gb\/carmona\/","url_meta":{"origin":1217,"position":5},"title":"Carmona","author":"asanchba","date":"May 4, 2022","format":false,"excerpt":"Carmona, final de la 3\u00aa etapa de la Traves\u00eda C\u00f3rdoba-Sevilla.","rel":"","context":"In &quot;Carmona&quot;","block_context":{"text":"Carmona","link":"https:\/\/pedaleandalucia.com\/gb\/category\/carmona\/"},"img":{"alt_text":"","src":"https:\/\/i0.wp.com\/pedaleandalucia.com\/wp-content\/uploads\/2022\/05\/Carmona_2-Small.jpg?fit=854%2C386&ssl=1&resize=350%2C200","width":350,"height":200,"srcset":"https:\/\/i0.wp.com\/pedaleandalucia.com\/wp-content\/uploads\/2022\/05\/Carmona_2-Small.jpg?fit=854%2C386&ssl=1&resize=350%2C200 1x, https:\/\/i0.wp.com\/pedaleandalucia.com\/wp-content\/uploads\/2022\/05\/Carmona_2-Small.jpg?fit=854%2C386&ssl=1&resize=525%2C300 1.5x, https:\/\/i0.wp.com\/pedaleandalucia.com\/wp-content\/uploads\/2022\/05\/Carmona_2-Small.jpg?fit=854%2C386&ssl=1&resize=700%2C400 2x"},"classes":[]}],"_links":{"self":[{"href":"https:\/\/pedaleandalucia.com\/gb\/wp-json\/wp\/v2\/posts\/1217"}],"collection":[{"href":"https:\/\/pedaleandalucia.com\/gb\/wp-json\/wp\/v2\/posts"}],"about":[{"href":"https:\/\/pedaleandalucia.com\/gb\/wp-json\/wp\/v2\/types\/post"}],"author":[{"embeddable":true,"href":"https:\/\/pedaleandalucia.com\/gb\/wp-json\/wp\/v2\/users\/2"}],"replies":[{"embeddable":true,"href":"https:\/\/pedaleandalucia.com\/gb\/wp-json\/wp\/v2\/comments?post=1217"}],"version-history":[{"count":1,"href":"https:\/\/pedaleandalucia.com\/gb\/wp-json\/wp\/v2\/posts\/1217\/revisions"}],"predecessor-version":[{"id":1218,"href":"https:\/\/pedaleandalucia.com\/gb\/wp-json\/wp\/v2\/posts\/1217\/revisions\/1218"}],"wp:featuredmedia":[{"embeddable":true,"href":"https:\/\/pedaleandalucia.com\/gb\/wp-json\/wp\/v2\/media\/1180"}],"wp:attachment":[{"href":"https:\/\/pedaleandalucia.com\/gb\/wp-json\/wp\/v2\/media?parent=1217"}],"wp:term":[{"taxonomy":"category","embeddable":true,"href":"https:\/\/pedaleandalucia.com\/gb\/wp-json\/wp\/v2\/categories?post=1217"},{"taxonomy":"post_tag","embeddable":true,"href":"https:\/\/pedaleandalucia.com\/gb\/wp-json\/wp\/v2\/tags?post=1217"}],"curies":[{"name":"wp","href":"https:\/\/api.w.org\/{rel}","templated":true}]}}